{"id":226356,"date":"2022-03-30T12:05:02","date_gmt":"2022-03-30T09:05:02","guid":{"rendered":"http:\/\/107.6.182.27\/es\/?p=226356"},"modified":"2022-03-30T12:35:39","modified_gmt":"2022-03-30T09:35:39","slug":"ataque-terrorista-contra-una-patrulla-policial-en-la-autopista-entre-khirbet-ghazala-y-dael-en-la-provincia-de-deraa-dejo-dos-efectivos-muertos-y-otros-dos-heridos-anuncio-la-jefatura-de-policia-de","status":"publish","type":"post","link":"https:\/\/archive.sana.sy\/es\/?p=226356","title":{"rendered":"Ataque terrorista contra una patrulla policial en la autopista entre Khirbet Ghazala y Dael en la provincia de Deraa, dej\u00f3 dos efectivos muertos y otros dos heridos, anunci\u00f3 la Jefatura de Polic\u00eda de Deraa a nuestra agencia SANA"},"content":{"rendered":"","protected":false},"excerpt":{"rendered":"","protected":false},"author":35,"featured_media":0,"comment_status":"closed","ping_status":"closed","sticky":false,"template":"","format":"standard","meta":{"footnotes":""},"categories":[596,1],"tags":[],"class_list":["post-226356","post","type-post","status-publish","format-standard","","category-urgente","category-news-not-sorted"],"_links":{"self":[{"href":"https:\/\/archive.sana.sy\/es\/index.php?rest_route=\/wp\/v2\/posts\/226356"}],"collection":[{"href":"https:\/\/archive.sana.sy\/es\/index.php?rest_route=\/wp\/v2\/posts"}],"about":[{"href":"https:\/\/archive.sana.sy\/es\/index.php?rest_route=\/wp\/v2\/types\/post"}],"author":[{"embeddable":true,"href":"https:\/\/archive.sana.sy\/es\/index.php?rest_route=\/wp\/v2\/users\/35"}],"replies":[{"embeddable":true,"href":"https:\/\/archive.sana.sy\/es\/index.php?rest_route=%2Fwp%2Fv2%2Fcomments&post=226356"}],"version-history":[{"count":0,"href":"https:\/\/archive.sana.sy\/es\/index.php?rest_route=\/wp\/v2\/posts\/226356\/revisions"}],"wp:attachment":[{"href":"https:\/\/archive.sana.sy\/es\/index.php?rest_route=%2Fwp%2Fv2%2Fmedia&parent=226356"}],"wp:term":[{"taxonomy":"category","embeddable":true,"href":"https:\/\/archive.sana.sy\/es\/index.php?rest_route=%2Fwp%2Fv2%2Fcategories&post=226356"},{"taxonomy":"post_tag","embeddable":true,"href":"https:\/\/archive.sana.sy\/es\/index.php?rest_route=%2Fwp%2Fv2%2Ftags&post=226356"}],"curies":[{"name":"wp","href":"https:\/\/api.w.org\/{rel}","templated":true}]}}