{"id":226360,"date":"2022-03-30T13:20:31","date_gmt":"2022-03-30T10:20:31","guid":{"rendered":"http:\/\/107.6.182.27\/es\/?p=226360"},"modified":"2023-01-10T16:35:34","modified_gmt":"2023-01-10T14:35:34","slug":"el-sistema-antiaereo-pantsir-s1-derribo-mas-de-300-drones-ucranianos","status":"publish","type":"post","link":"https:\/\/archive.sana.sy\/es\/?p=226360","title":{"rendered":"El sistema antia\u00e9reo Pantsir-S1 derrib\u00f3 m\u00e1s de 300 drones ucranianos"},"content":{"rendered":"<p><strong><span style=\"color: #800000;\">Mosc\u00fa, 30 mar (SANA)<\/span><\/strong>\u00a0 El Ministerio de Defensa de Rusia difundi\u00f3 im\u00e1genes que muestran al sistema de defensa antia\u00e9reo ruso Pantsir-s1 destruyendo un veh\u00edculo a\u00e9reo no tripulado avanzado ucraniano tipo &#8220;Air Born 22UG&#8221;.<\/p>\n<p>El Ministerio aclar\u00f3 que el dron llevaba un misil aire-aire y balas de 83 mm e intentaba atacar un objetivo ruso, pero fue derribado por el sistema de defensa ruso con un solo misil.<\/p>\n<p>Desde el inicio de la operaci\u00f3n militar en Ucrania, el sistema ruso &#8220;Pantsir&#8221; derrib\u00f3 m\u00e1s de 300 drones y decenas de aviones de combate, indic\u00f3 el ministerio.<\/p>\n<p><em><strong>fm\/ws<\/strong><\/em><\/p>\n","protected":false},"excerpt":{"rendered":"<p>Mosc\u00fa, 30 mar (SANA)\u00a0 El Ministerio de Defensa de Rusia difundi\u00f3 im\u00e1genes que muestran al sistema de defensa antia\u00e9reo ruso Pantsir-s1 destruyendo un veh\u00edculo a\u00e9reo no tripulado avanzado ucraniano tipo &#8220;Air Born 22UG&#8221;. El Ministerio aclar\u00f3 que el dron llevaba un misil aire-aire y balas de 83 mm e intentaba atacar un objetivo ruso, pero &hellip;<\/p>\n","protected":false},"author":35,"featured_media":226361,"comment_status":"closed","ping_status":"closed","sticky":false,"template":"","format":"standard","meta":{"footnotes":""},"categories":[597,456,457,7541],"tags":[],"class_list":["post-226360","post","type-post","status-publish","format-standard","has-post-thumbnail","","category-cinta-de-noticias","category-arabe-internacional-politica","category-noticias-arabe-internacional-politica","category-ultimas-noticias"],"_links":{"self":[{"href":"https:\/\/archive.sana.sy\/es\/index.php?rest_route=\/wp\/v2\/posts\/226360"}],"collection":[{"href":"https:\/\/archive.sana.sy\/es\/index.php?rest_route=\/wp\/v2\/posts"}],"about":[{"href":"https:\/\/archive.sana.sy\/es\/index.php?rest_route=\/wp\/v2\/types\/post"}],"author":[{"embeddable":true,"href":"https:\/\/archive.sana.sy\/es\/index.php?rest_route=\/wp\/v2\/users\/35"}],"replies":[{"embeddable":true,"href":"https:\/\/archive.sana.sy\/es\/index.php?rest_route=%2Fwp%2Fv2%2Fcomments&post=226360"}],"version-history":[{"count":0,"href":"https:\/\/archive.sana.sy\/es\/index.php?rest_route=\/wp\/v2\/posts\/226360\/revisions"}],"wp:featuredmedia":[{"embeddable":true,"href":"https:\/\/archive.sana.sy\/es\/index.php?rest_route=\/wp\/v2\/media\/226361"}],"wp:attachment":[{"href":"https:\/\/archive.sana.sy\/es\/index.php?rest_route=%2Fwp%2Fv2%2Fmedia&parent=226360"}],"wp:term":[{"taxonomy":"category","embeddable":true,"href":"https:\/\/archive.sana.sy\/es\/index.php?rest_route=%2Fwp%2Fv2%2Fcategories&post=226360"},{"taxonomy":"post_tag","embeddable":true,"href":"https:\/\/archive.sana.sy\/es\/index.php?rest_route=%2Fwp%2Fv2%2Ftags&post=226360"}],"curies":[{"name":"wp","href":"https:\/\/api.w.org\/{rel}","templated":true}]}}