{"id":226390,"date":"2022-03-30T15:20:58","date_gmt":"2022-03-30T12:20:58","guid":{"rendered":"http:\/\/107.6.182.27\/es\/?p=226390"},"modified":"2022-03-30T15:47:01","modified_gmt":"2022-03-30T12:47:01","slug":"nada-ni-nadie-puede-socavar-las-relaciones-estrategicas-entre-iran-y-siria-declara-ali-nikzad-vicepresidente-del-consejo-shura-irani-tras-ser-recibido-por-el-ministro-de-exteriores-y-expatriados-de","status":"publish","type":"post","link":"https:\/\/archive.sana.sy\/es\/?p=226390","title":{"rendered":"Nada ni nadie puede socavar las relaciones estrat\u00e9gicas entre Ir\u00e1n y Siria, declara Ali Nikzad, vicepresidente del Consejo Shura iran\u00ed, tras ser recibido por el ministro de Exteriores y Expatriados de Siria, Faisal al-Mekdad"},"content":{"rendered":"","protected":false},"excerpt":{"rendered":"","protected":false},"author":39,"featured_media":0,"comment_status":"closed","ping_status":"closed","sticky":false,"template":"","format":"standard","meta":{"footnotes":""},"categories":[1],"tags":[],"class_list":["post-226390","post","type-post","status-publish","format-standard","","category-news-not-sorted"],"_links":{"self":[{"href":"https:\/\/archive.sana.sy\/es\/index.php?rest_route=\/wp\/v2\/posts\/226390"}],"collection":[{"href":"https:\/\/archive.sana.sy\/es\/index.php?rest_route=\/wp\/v2\/posts"}],"about":[{"href":"https:\/\/archive.sana.sy\/es\/index.php?rest_route=\/wp\/v2\/types\/post"}],"author":[{"embeddable":true,"href":"https:\/\/archive.sana.sy\/es\/index.php?rest_route=\/wp\/v2\/users\/39"}],"replies":[{"embeddable":true,"href":"https:\/\/archive.sana.sy\/es\/index.php?rest_route=%2Fwp%2Fv2%2Fcomments&post=226390"}],"version-history":[{"count":0,"href":"https:\/\/archive.sana.sy\/es\/index.php?rest_route=\/wp\/v2\/posts\/226390\/revisions"}],"wp:attachment":[{"href":"https:\/\/archive.sana.sy\/es\/index.php?rest_route=%2Fwp%2Fv2%2Fmedia&parent=226390"}],"wp:term":[{"taxonomy":"category","embeddable":true,"href":"https:\/\/archive.sana.sy\/es\/index.php?rest_route=%2Fwp%2Fv2%2Fcategories&post=226390"},{"taxonomy":"post_tag","embeddable":true,"href":"https:\/\/archive.sana.sy\/es\/index.php?rest_route=%2Fwp%2Fv2%2Ftags&post=226390"}],"curies":[{"name":"wp","href":"https:\/\/api.w.org\/{rel}","templated":true}]}}