{"id":226392,"date":"2022-03-30T11:32:40","date_gmt":"2022-03-30T08:32:40","guid":{"rendered":"http:\/\/107.6.182.27\/es\/?p=226392"},"modified":"2023-01-10T14:19:05","modified_gmt":"2023-01-10T12:19:05","slug":"iran-apoyara-a-siria-en-la-reconstruccion-de-lo-destruido-a-causa-del-terrorismo","status":"publish","type":"post","link":"https:\/\/archive.sana.sy\/es\/?p=226392","title":{"rendered":"Ir\u00e1n apoyar\u00e1 a Siria en la reconstrucci\u00f3n de lo destruido a causa del terrorismo"},"content":{"rendered":"<p style=\"text-align: justify;\"><span style=\"color: #800000;\"><strong>Damasco, 30 mar (SANA)\u00a0<\/strong> <\/span>El vicepresidente del Consejo de Shura iran\u00ed, Ali Nikzad, declar\u00f3 tras ser recibido por el ministro de Exteriores y Expatriados de Siria, Faisal al-Mekdad, que las relaciones estrat\u00e9gicas bilaterales son arraigadas y nadie las puede socavar.<\/p>\n<p style=\"text-align: justify;\">El titular iran\u00ed manifest\u00f3 el rechazo de su pa\u00eds a la injerencia extranjera y las sanciones unilaterales de EEUU contra Siria.<\/p>\n<p style=\"text-align: justify;\">Enfatiz\u00f3 que Siria cumpli\u00f3 con sus deberes en la lucha contra el terrorismo durante la \u00faltima etapa.<\/p>\n<p style=\"text-align: justify;\">\u201cLa Rep\u00fablica Isl\u00e1mica de Ir\u00e1n apoy\u00f3 al pa\u00eds \u00e1rabe y lo sigue siendo, y estar\u00e1 a su lado en la fase de reconstrucci\u00f3n de lo que fue destruido por el terrorismo\u201d, explic\u00f3.<\/p>\n<p style=\"text-align: justify;\"><span style=\"color: #000000;\"><span style=\"color: #0000ff;\">\u00a0fm\/sm<\/span><\/span><\/p>\n","protected":false},"excerpt":{"rendered":"<p>Damasco, 30 mar (SANA)\u00a0 El vicepresidente del Consejo de Shura iran\u00ed, Ali Nikzad, declar\u00f3 tras ser recibido por el ministro de Exteriores y Expatriados de Siria, Faisal al-Mekdad, que las relaciones estrat\u00e9gicas bilaterales son arraigadas y nadie las puede socavar. El titular iran\u00ed manifest\u00f3 el rechazo de su pa\u00eds a la injerencia extranjera y las &hellip;<\/p>\n","protected":false},"author":39,"featured_media":226393,"comment_status":"closed","ping_status":"closed","sticky":false,"template":"","format":"standard","meta":{"footnotes":""},"categories":[447,597,457,467,583],"tags":[],"class_list":["post-226392","post","type-post","status-publish","format-standard","has-post-thumbnail","","category-local-politica","category-cinta-de-noticias","category-noticias-arabe-internacional-politica","category-siria-y-el-mundo","category-slide"],"_links":{"self":[{"href":"https:\/\/archive.sana.sy\/es\/index.php?rest_route=\/wp\/v2\/posts\/226392"}],"collection":[{"href":"https:\/\/archive.sana.sy\/es\/index.php?rest_route=\/wp\/v2\/posts"}],"about":[{"href":"https:\/\/archive.sana.sy\/es\/index.php?rest_route=\/wp\/v2\/types\/post"}],"author":[{"embeddable":true,"href":"https:\/\/archive.sana.sy\/es\/index.php?rest_route=\/wp\/v2\/users\/39"}],"replies":[{"embeddable":true,"href":"https:\/\/archive.sana.sy\/es\/index.php?rest_route=%2Fwp%2Fv2%2Fcomments&post=226392"}],"version-history":[{"count":0,"href":"https:\/\/archive.sana.sy\/es\/index.php?rest_route=\/wp\/v2\/posts\/226392\/revisions"}],"wp:featuredmedia":[{"embeddable":true,"href":"https:\/\/archive.sana.sy\/es\/index.php?rest_route=\/wp\/v2\/media\/226393"}],"wp:attachment":[{"href":"https:\/\/archive.sana.sy\/es\/index.php?rest_route=%2Fwp%2Fv2%2Fmedia&parent=226392"}],"wp:term":[{"taxonomy":"category","embeddable":true,"href":"https:\/\/archive.sana.sy\/es\/index.php?rest_route=%2Fwp%2Fv2%2Fcategories&post=226392"},{"taxonomy":"post_tag","embeddable":true,"href":"https:\/\/archive.sana.sy\/es\/index.php?rest_route=%2Fwp%2Fv2%2Ftags&post=226392"}],"curies":[{"name":"wp","href":"https:\/\/api.w.org\/{rel}","templated":true}]}}