{"id":226418,"date":"2022-03-30T17:01:55","date_gmt":"2022-03-30T14:01:55","guid":{"rendered":"http:\/\/107.6.182.27\/es\/?p=226418"},"modified":"2023-01-10T14:19:03","modified_gmt":"2023-01-10T12:19:03","slug":"siria-y-bielorrusia-deciden-impulsar-la-cooperacion-interparlamentaria-frente-a-la-camapna-hostil-de-occidente","status":"publish","type":"post","link":"https:\/\/archive.sana.sy\/es\/?p=226418","title":{"rendered":"Siria y Bielorrusia deciden impulsar cooperaci\u00f3n interparlamentaria frente a la campa\u00f1a hostil de Occidente"},"content":{"rendered":"<p style=\"text-align: justify\"><span style=\"color: #800000\"><strong>Minsk, 30 mar (SANA)<\/strong> <\/span>El presidente de la C\u00e1mara de Representantes de la Asamblea Nacional de Bielorrusia, Vladimir Andreichenko, debati\u00f3 con el embajador de Siria en Minsk, Muhammad Al-Omrani, las v\u00edas de consolidar las relaciones sirio-bielorrusas en los diferentes \u00e1mbitos.<\/p>\n<p style=\"text-align: justify\">Durante una reuni\u00f3n celebrada este mi\u00e9rcoles, las dos partes destacaron la importancia de fortalecer la acci\u00f3n inteparlamentaria con el fin de unificar posiciones frente a las campa\u00f1as occidentales hostiles.<\/p>\n<p style=\"text-align: justify\">Andreichenko agradeci\u00f3 a Siria por sus posturas solidarias y expres\u00f3 la determinaci\u00f3n del liderazgo de Bielorrusia de afianzar la cooperaci\u00f3n conjunta en todos los campos para vencer las medidas coercitivas unilaterales aplicadas en contra de ambos pueblos.<\/p>\n<p style=\"text-align: justify\">Por su parte, el embajador Al-Omrani valor\u00f3 altamente las posturas de Bielorrusia en apoyo a Siria durante los \u00faltimos a\u00f1os frente a la guerra terrorista, y continu\u00f3 que Siria seguir\u00e1 apoyando al pa\u00eds amigo en su lucha contra las injerencias for\u00e1neas en sus asuntos internos.<\/p>\n<p style=\"text-align: justify\">la<\/p>\n","protected":false},"excerpt":{"rendered":"<p>Minsk, 30 mar (SANA) El presidente de la C\u00e1mara de Representantes de la Asamblea Nacional de Bielorrusia, Vladimir Andreichenko, debati\u00f3 con el embajador de Siria en Minsk, Muhammad Al-Omrani, las v\u00edas de consolidar las relaciones sirio-bielorrusas en los diferentes \u00e1mbitos. Durante una reuni\u00f3n celebrada este mi\u00e9rcoles, las dos partes destacaron la importancia de fortalecer la &hellip;<\/p>\n","protected":false},"author":24,"featured_media":226419,"comment_status":"closed","ping_status":"closed","sticky":false,"template":"","format":"standard","meta":{"footnotes":""},"categories":[447,597,467,7541],"tags":[],"class_list":["post-226418","post","type-post","status-publish","format-standard","has-post-thumbnail","","category-local-politica","category-cinta-de-noticias","category-siria-y-el-mundo","category-ultimas-noticias"],"_links":{"self":[{"href":"https:\/\/archive.sana.sy\/es\/index.php?rest_route=\/wp\/v2\/posts\/226418"}],"collection":[{"href":"https:\/\/archive.sana.sy\/es\/index.php?rest_route=\/wp\/v2\/posts"}],"about":[{"href":"https:\/\/archive.sana.sy\/es\/index.php?rest_route=\/wp\/v2\/types\/post"}],"author":[{"embeddable":true,"href":"https:\/\/archive.sana.sy\/es\/index.php?rest_route=\/wp\/v2\/users\/24"}],"replies":[{"embeddable":true,"href":"https:\/\/archive.sana.sy\/es\/index.php?rest_route=%2Fwp%2Fv2%2Fcomments&post=226418"}],"version-history":[{"count":0,"href":"https:\/\/archive.sana.sy\/es\/index.php?rest_route=\/wp\/v2\/posts\/226418\/revisions"}],"wp:featuredmedia":[{"embeddable":true,"href":"https:\/\/archive.sana.sy\/es\/index.php?rest_route=\/wp\/v2\/media\/226419"}],"wp:attachment":[{"href":"https:\/\/archive.sana.sy\/es\/index.php?rest_route=%2Fwp%2Fv2%2Fmedia&parent=226418"}],"wp:term":[{"taxonomy":"category","embeddable":true,"href":"https:\/\/archive.sana.sy\/es\/index.php?rest_route=%2Fwp%2Fv2%2Fcategories&post=226418"},{"taxonomy":"post_tag","embeddable":true,"href":"https:\/\/archive.sana.sy\/es\/index.php?rest_route=%2Fwp%2Fv2%2Ftags&post=226418"}],"curies":[{"name":"wp","href":"https:\/\/api.w.org\/{rel}","templated":true}]}}