{"id":226460,"date":"2022-03-30T20:10:52","date_gmt":"2022-03-30T17:10:52","guid":{"rendered":"http:\/\/107.6.182.27\/es\/?p=226460"},"modified":"2023-01-10T16:35:33","modified_gmt":"2023-01-10T14:35:33","slug":"fuerzas-rusas-acaban-con-un-grupo-de-nazis-en-las-afueras-de-kiev","status":"publish","type":"post","link":"https:\/\/archive.sana.sy\/es\/?p=226460","title":{"rendered":"Fuerzas rusas acaban con un grupo de nazis en las afueras de Kiev"},"content":{"rendered":"<p style=\"text-align: justify;\"><strong><span style=\"color: #800000;\">Mosc\u00fa, 30 mar (SANA)<\/span><\/strong> Las fuerzas rusas eliminaron a un grupo nazi activo en operaciones de reconocimiento y sabotaje en las afueras de Kiev.<\/p>\n<p style=\"text-align: justify;\">Seg\u00fan inform\u00f3 la agencia de noticias RIA Novost, \u201cse detectaron disparos desde la ventana de un edificio en un pueblo tur\u00edstico en las afueras de Kiev, y las fuerzas de guardia allanaron el lugar, y como resultado se logr\u00f3 neutralizar todo el grupo sin causar cualquier p\u00e9rdida en las filas del ej\u00e9rcito ruso\u201d.<\/p>\n<p style=\"text-align: justify;\">Ayer, el jefe del Centro de Defensa Nacional de Rusia, Mikhail Mizintsev, advirti\u00f3 contra la explotaci\u00f3n de la tregua humanitaria acordada por Rusia por las fuerzas ucranianas y sus batallones nazis para reagruparse.<\/p>\n<p>mm<\/p>\n","protected":false},"excerpt":{"rendered":"<p>Mosc\u00fa, 30 mar (SANA) Las fuerzas rusas eliminaron a un grupo nazi activo en operaciones de reconocimiento y sabotaje en las afueras de Kiev. Seg\u00fan inform\u00f3 la agencia de noticias RIA Novost, \u201cse detectaron disparos desde la ventana de un edificio en un pueblo tur\u00edstico en las afueras de Kiev, y las fuerzas de guardia &hellip;<\/p>\n","protected":false},"author":36,"featured_media":226461,"comment_status":"closed","ping_status":"closed","sticky":false,"template":"","format":"standard","meta":{"footnotes":""},"categories":[597,456,457],"tags":[],"class_list":["post-226460","post","type-post","status-publish","format-standard","has-post-thumbnail","","category-cinta-de-noticias","category-arabe-internacional-politica","category-noticias-arabe-internacional-politica"],"_links":{"self":[{"href":"https:\/\/archive.sana.sy\/es\/index.php?rest_route=\/wp\/v2\/posts\/226460"}],"collection":[{"href":"https:\/\/archive.sana.sy\/es\/index.php?rest_route=\/wp\/v2\/posts"}],"about":[{"href":"https:\/\/archive.sana.sy\/es\/index.php?rest_route=\/wp\/v2\/types\/post"}],"author":[{"embeddable":true,"href":"https:\/\/archive.sana.sy\/es\/index.php?rest_route=\/wp\/v2\/users\/36"}],"replies":[{"embeddable":true,"href":"https:\/\/archive.sana.sy\/es\/index.php?rest_route=%2Fwp%2Fv2%2Fcomments&post=226460"}],"version-history":[{"count":0,"href":"https:\/\/archive.sana.sy\/es\/index.php?rest_route=\/wp\/v2\/posts\/226460\/revisions"}],"wp:featuredmedia":[{"embeddable":true,"href":"https:\/\/archive.sana.sy\/es\/index.php?rest_route=\/wp\/v2\/media\/226461"}],"wp:attachment":[{"href":"https:\/\/archive.sana.sy\/es\/index.php?rest_route=%2Fwp%2Fv2%2Fmedia&parent=226460"}],"wp:term":[{"taxonomy":"category","embeddable":true,"href":"https:\/\/archive.sana.sy\/es\/index.php?rest_route=%2Fwp%2Fv2%2Fcategories&post=226460"},{"taxonomy":"post_tag","embeddable":true,"href":"https:\/\/archive.sana.sy\/es\/index.php?rest_route=%2Fwp%2Fv2%2Ftags&post=226460"}],"curies":[{"name":"wp","href":"https:\/\/api.w.org\/{rel}","templated":true}]}}