{"id":226467,"date":"2022-03-30T20:35:46","date_gmt":"2022-03-30T17:35:46","guid":{"rendered":"http:\/\/107.6.182.27\/es\/?p=226467"},"modified":"2023-01-10T16:35:32","modified_gmt":"2023-01-10T14:35:32","slug":"rusia-brinda-250-toneladas-de-ayuda-a-ucrania-y-donbas","status":"publish","type":"post","link":"https:\/\/archive.sana.sy\/es\/?p=226467","title":{"rendered":"Rusia brinda 250 toneladas de ayuda a Ucrania y Donb\u00e1s"},"content":{"rendered":"<p style=\"text-align: justify;\"><strong><span style=\"color: #800000;\">Mosc\u00fa, 30 mar (SANA)<\/span><\/strong> El Ministerio de Emergencias de Rusia anunci\u00f3 hoy que ha entregado 250 toneladas de ayuda a la poblaci\u00f3n de las Rep\u00fablicas Populares de Donetsk y Lugansk en la regi\u00f3n de Donb\u00e1s y a Ucrania.<\/p>\n<p style=\"text-align: justify;\">&#8220;El convoy humanitario, compuesto por 28 camiones, transport\u00f3 a la poblaci\u00f3n cargamentos de alimentos, materiales de construcci\u00f3n y bienes esenciales, adem\u00e1s de generadores&#8221;, detall\u00f3 el ministerio en un comunicado citado por la agencia de noticias (Novosti).<\/p>\n<p style=\"text-align: justify;\">La fuente indic\u00f3 que el rol del ministerio no se limita a entregar la ayuda a los necesitados, sino que tambi\u00e9n incluye el proceso de recolecci\u00f3n de la misma para el bien del pueblo hermano.<\/p>\n<p>mm<\/p>\n","protected":false},"excerpt":{"rendered":"<p>Mosc\u00fa, 30 mar (SANA) El Ministerio de Emergencias de Rusia anunci\u00f3 hoy que ha entregado 250 toneladas de ayuda a la poblaci\u00f3n de las Rep\u00fablicas Populares de Donetsk y Lugansk en la regi\u00f3n de Donb\u00e1s y a Ucrania. &#8220;El convoy humanitario, compuesto por 28 camiones, transport\u00f3 a la poblaci\u00f3n cargamentos de alimentos, materiales de construcci\u00f3n &hellip;<\/p>\n","protected":false},"author":36,"featured_media":226468,"comment_status":"closed","ping_status":"closed","sticky":false,"template":"","format":"standard","meta":{"footnotes":""},"categories":[597,456,457],"tags":[],"class_list":["post-226467","post","type-post","status-publish","format-standard","has-post-thumbnail","","category-cinta-de-noticias","category-arabe-internacional-politica","category-noticias-arabe-internacional-politica"],"_links":{"self":[{"href":"https:\/\/archive.sana.sy\/es\/index.php?rest_route=\/wp\/v2\/posts\/226467"}],"collection":[{"href":"https:\/\/archive.sana.sy\/es\/index.php?rest_route=\/wp\/v2\/posts"}],"about":[{"href":"https:\/\/archive.sana.sy\/es\/index.php?rest_route=\/wp\/v2\/types\/post"}],"author":[{"embeddable":true,"href":"https:\/\/archive.sana.sy\/es\/index.php?rest_route=\/wp\/v2\/users\/36"}],"replies":[{"embeddable":true,"href":"https:\/\/archive.sana.sy\/es\/index.php?rest_route=%2Fwp%2Fv2%2Fcomments&post=226467"}],"version-history":[{"count":0,"href":"https:\/\/archive.sana.sy\/es\/index.php?rest_route=\/wp\/v2\/posts\/226467\/revisions"}],"wp:featuredmedia":[{"embeddable":true,"href":"https:\/\/archive.sana.sy\/es\/index.php?rest_route=\/wp\/v2\/media\/226468"}],"wp:attachment":[{"href":"https:\/\/archive.sana.sy\/es\/index.php?rest_route=%2Fwp%2Fv2%2Fmedia&parent=226467"}],"wp:term":[{"taxonomy":"category","embeddable":true,"href":"https:\/\/archive.sana.sy\/es\/index.php?rest_route=%2Fwp%2Fv2%2Fcategories&post=226467"},{"taxonomy":"post_tag","embeddable":true,"href":"https:\/\/archive.sana.sy\/es\/index.php?rest_route=%2Fwp%2Fv2%2Ftags&post=226467"}],"curies":[{"name":"wp","href":"https:\/\/api.w.org\/{rel}","templated":true}]}}