{"id":226472,"date":"2022-03-30T21:14:02","date_gmt":"2022-03-30T18:14:02","guid":{"rendered":"http:\/\/107.6.182.27\/es\/?p=226472"},"modified":"2022-03-30T21:14:02","modified_gmt":"2022-03-30T18:14:02","slug":"el-pabellon-de-siria-en-expo-dubai-2020-recibe-el-premio-de-oro","status":"publish","type":"post","link":"https:\/\/archive.sana.sy\/es\/?p=226472","title":{"rendered":"El Pabell\u00f3n de Siria en Expo Dub\u00e1i 2020 recibe el Premio de Oro"},"content":{"rendered":"<p style=\"text-align: justify;\"><span style=\"color: #800000;\"><strong>Dub\u00e1i, 30 mar (SANA)<\/strong> <\/span>El pabell\u00f3n de Siria en Expo 2020 Dubai gan\u00f3 el Premio de Oro a la mejor materializaci\u00f3n del contenido de la exposici\u00f3n.<\/p>\n<p style=\"text-align: justify;\">El premio fue recibido por el Comisionado General del pabell\u00f3n y encargado de Negocios de la Embajada de Siria en los Emiratos \u00c1rabes Unidos, Ghassan Abbas.<\/p>\n<div id='gallery-1' class='gallery galleryid-226472 gallery-columns-1 gallery-size-full'><figure class='gallery-item'>\n\t\t\t<div class='gallery-icon landscape'>\n\t\t\t\t<a href='https:\/\/archive.sana.sy\/es\/?attachment_id=226473'><img loading=\"lazy\" decoding=\"async\" width=\"660\" height=\"484\" src=\"https:\/\/archive.sana.sy\/es\/wp-content\/uploads\/2022\/03\/2-11.jpg\" class=\"attachment-full size-full\" alt=\"\" srcset=\"https:\/\/archive.sana.sy\/es\/wp-content\/uploads\/2022\/03\/2-11.jpg 660w, https:\/\/archive.sana.sy\/es\/wp-content\/uploads\/2022\/03\/2-11-300x220.jpg 300w, https:\/\/archive.sana.sy\/es\/wp-content\/uploads\/2022\/03\/2-11-150x110.jpg 150w\" sizes=\"(max-width: 660px) 100vw, 660px\" \/><\/a>\n\t\t\t<\/div><\/figure><figure class='gallery-item'>\n\t\t\t<div class='gallery-icon landscape'>\n\t\t\t\t<a href='https:\/\/archive.sana.sy\/es\/?attachment_id=226474'><img loading=\"lazy\" decoding=\"async\" width=\"660\" height=\"495\" src=\"https:\/\/archive.sana.sy\/es\/wp-content\/uploads\/2022\/03\/3-16.jpg\" class=\"attachment-full size-full\" alt=\"\" srcset=\"https:\/\/archive.sana.sy\/es\/wp-content\/uploads\/2022\/03\/3-16.jpg 660w, https:\/\/archive.sana.sy\/es\/wp-content\/uploads\/2022\/03\/3-16-300x225.jpg 300w, https:\/\/archive.sana.sy\/es\/wp-content\/uploads\/2022\/03\/3-16-150x113.jpg 150w\" sizes=\"(max-width: 660px) 100vw, 660px\" \/><\/a>\n\t\t\t<\/div><\/figure><figure class='gallery-item'>\n\t\t\t<div class='gallery-icon portrait'>\n\t\t\t\t<a href='https:\/\/archive.sana.sy\/es\/?attachment_id=226475'><img loading=\"lazy\" decoding=\"async\" width=\"660\" height=\"777\" src=\"https:\/\/archive.sana.sy\/es\/wp-content\/uploads\/2022\/03\/4-24.jpg\" class=\"attachment-full size-full\" alt=\"\" srcset=\"https:\/\/archive.sana.sy\/es\/wp-content\/uploads\/2022\/03\/4-24.jpg 660w, https:\/\/archive.sana.sy\/es\/wp-content\/uploads\/2022\/03\/4-24-255x300.jpg 255w, https:\/\/archive.sana.sy\/es\/wp-content\/uploads\/2022\/03\/4-24-127x150.jpg 127w\" sizes=\"(max-width: 660px) 100vw, 660px\" \/><\/a>\n\t\t\t<\/div><\/figure><figure class='gallery-item'>\n\t\t\t<div class='gallery-icon landscape'>\n\t\t\t\t<a href='https:\/\/archive.sana.sy\/es\/?attachment_id=226476'><img loading=\"lazy\" decoding=\"async\" width=\"660\" height=\"460\" src=\"https:\/\/archive.sana.sy\/es\/wp-content\/uploads\/2022\/03\/5-2.jpg\" class=\"attachment-full size-full\" alt=\"\" srcset=\"https:\/\/archive.sana.sy\/es\/wp-content\/uploads\/2022\/03\/5-2.jpg 660w, https:\/\/archive.sana.sy\/es\/wp-content\/uploads\/2022\/03\/5-2-300x209.jpg 300w, https:\/\/archive.sana.sy\/es\/wp-content\/uploads\/2022\/03\/5-2-150x105.jpg 150w\" sizes=\"(max-width: 660px) 100vw, 660px\" \/><\/a>\n\t\t\t<\/div><\/figure>\n\t\t<\/div>\n\n<p>&nbsp;<\/p>\n<p>la\/mm<\/p>\n","protected":false},"excerpt":{"rendered":"<p>Dub\u00e1i, 30 mar (SANA) El pabell\u00f3n de Siria en Expo 2020 Dubai gan\u00f3 el Premio de Oro a la mejor materializaci\u00f3n del contenido de la exposici\u00f3n. El premio fue recibido por el Comisionado General del pabell\u00f3n y encargado de Negocios de la Embajada de Siria en los Emiratos \u00c1rabes Unidos, Ghassan Abbas. &nbsp; la\/mm<\/p>\n","protected":false},"author":36,"featured_media":226477,"comment_status":"closed","ping_status":"closed","sticky":false,"template":"","format":"standard","meta":{"footnotes":""},"categories":[597,467,583],"tags":[],"class_list":["post-226472","post","type-post","status-publish","format-standard","has-post-thumbnail","","category-cinta-de-noticias","category-siria-y-el-mundo","category-slide"],"_links":{"self":[{"href":"https:\/\/archive.sana.sy\/es\/index.php?rest_route=\/wp\/v2\/posts\/226472"}],"collection":[{"href":"https:\/\/archive.sana.sy\/es\/index.php?rest_route=\/wp\/v2\/posts"}],"about":[{"href":"https:\/\/archive.sana.sy\/es\/index.php?rest_route=\/wp\/v2\/types\/post"}],"author":[{"embeddable":true,"href":"https:\/\/archive.sana.sy\/es\/index.php?rest_route=\/wp\/v2\/users\/36"}],"replies":[{"embeddable":true,"href":"https:\/\/archive.sana.sy\/es\/index.php?rest_route=%2Fwp%2Fv2%2Fcomments&post=226472"}],"version-history":[{"count":0,"href":"https:\/\/archive.sana.sy\/es\/index.php?rest_route=\/wp\/v2\/posts\/226472\/revisions"}],"wp:featuredmedia":[{"embeddable":true,"href":"https:\/\/archive.sana.sy\/es\/index.php?rest_route=\/wp\/v2\/media\/226477"}],"wp:attachment":[{"href":"https:\/\/archive.sana.sy\/es\/index.php?rest_route=%2Fwp%2Fv2%2Fmedia&parent=226472"}],"wp:term":[{"taxonomy":"category","embeddable":true,"href":"https:\/\/archive.sana.sy\/es\/index.php?rest_route=%2Fwp%2Fv2%2Fcategories&post=226472"},{"taxonomy":"post_tag","embeddable":true,"href":"https:\/\/archive.sana.sy\/es\/index.php?rest_route=%2Fwp%2Fv2%2Ftags&post=226472"}],"curies":[{"name":"wp","href":"https:\/\/api.w.org\/{rel}","templated":true}]}}