{"id":22651,"date":"2015-05-06T15:36:17","date_gmt":"2015-05-06T12:36:17","guid":{"rendered":"http:\/\/www.sana.sy\/es\/?p=22651"},"modified":"2015-05-06T15:36:17","modified_gmt":"2015-05-06T12:36:17","slug":"una-victima-mortal-y-dos-heridos-en-ataques-terroristas-contra-damasco","status":"publish","type":"post","link":"https:\/\/archive.sana.sy\/es\/?p=22651","title":{"rendered":"Una v\u00edctima mortal y dos heridos en ataques terroristas contra Damasco"},"content":{"rendered":"<p><span style=\"color: #800000\">Damasco, SANA<\/span><\/p>\n<p>Una persona perdi\u00f3 la vida y otras dos resultaron heridas tras un ataque terrorista con mortero contra el \u00e1rea de Abassiyin en la capital Damasco.<\/p>\n<p>Una fuente policial revel\u00f3 que un proyectil de mortero disparado por terroristas impact\u00f3 cerca del hospital de Abassiyin, causando la muerte de una persona y heridas a otras dos.<\/p>\n<p>Asimismo a\u00f1adi\u00f3 que el ataque terrorista dej\u00f3 da\u00f1os materiales en siete veh\u00edculos aparcados en el \u00e1rea atacada.<\/p>\n<p>Es de se\u00f1alar que el \u00e1rea de Abassiyin se ubica cerca del barrio de Yobar, donde se despliegan los terroristas del Estado Isl\u00e1mico y el llamado \u201cFailak al-Rahman\u201d.<\/p>\n<p>Lynn A.<\/p>\n","protected":false},"excerpt":{"rendered":"<p>Damasco, SANA Una persona perdi\u00f3 la vida y otras dos resultaron heridas tras un ataque terrorista con mortero contra el \u00e1rea de Abassiyin en la capital Damasco. Una fuente policial revel\u00f3 que un proyectil de mortero disparado por terroristas impact\u00f3 cerca del hospital de Abassiyin, causando la muerte de una persona y heridas a otras &hellip;<\/p>\n","protected":false},"author":24,"featured_media":7146,"comment_status":"closed","ping_status":"closed","sticky":false,"template":"","format":"standard","meta":{"footnotes":""},"categories":[597,573,476],"tags":[],"class_list":["post-22651","post","type-post","status-publish","format-standard","has-post-thumbnail","","category-cinta-de-noticias","category-la-realidad-de-los-acontecimientos-en-siria","category-locales"],"_links":{"self":[{"href":"https:\/\/archive.sana.sy\/es\/index.php?rest_route=\/wp\/v2\/posts\/22651"}],"collection":[{"href":"https:\/\/archive.sana.sy\/es\/index.php?rest_route=\/wp\/v2\/posts"}],"about":[{"href":"https:\/\/archive.sana.sy\/es\/index.php?rest_route=\/wp\/v2\/types\/post"}],"author":[{"embeddable":true,"href":"https:\/\/archive.sana.sy\/es\/index.php?rest_route=\/wp\/v2\/users\/24"}],"replies":[{"embeddable":true,"href":"https:\/\/archive.sana.sy\/es\/index.php?rest_route=%2Fwp%2Fv2%2Fcomments&post=22651"}],"version-history":[{"count":0,"href":"https:\/\/archive.sana.sy\/es\/index.php?rest_route=\/wp\/v2\/posts\/22651\/revisions"}],"wp:featuredmedia":[{"embeddable":true,"href":"https:\/\/archive.sana.sy\/es\/index.php?rest_route=\/wp\/v2\/media\/7146"}],"wp:attachment":[{"href":"https:\/\/archive.sana.sy\/es\/index.php?rest_route=%2Fwp%2Fv2%2Fmedia&parent=22651"}],"wp:term":[{"taxonomy":"category","embeddable":true,"href":"https:\/\/archive.sana.sy\/es\/index.php?rest_route=%2Fwp%2Fv2%2Fcategories&post=22651"},{"taxonomy":"post_tag","embeddable":true,"href":"https:\/\/archive.sana.sy\/es\/index.php?rest_route=%2Fwp%2Fv2%2Ftags&post=22651"}],"curies":[{"name":"wp","href":"https:\/\/api.w.org\/{rel}","templated":true}]}}