{"id":226640,"date":"2022-03-31T21:25:19","date_gmt":"2022-03-31T18:25:19","guid":{"rendered":"http:\/\/107.6.182.27\/es\/?p=226640"},"modified":"2023-01-10T16:35:28","modified_gmt":"2023-01-10T14:35:28","slug":"derriban-dos-helicopteros-que-evacuaban-a-nacionalistas-ucranianos-desde-mariupol","status":"publish","type":"post","link":"https:\/\/archive.sana.sy\/es\/?p=226640","title":{"rendered":"Derriban dos helic\u00f3pteros que evacuaban a nacionalistas ucranianos desde Mari\u00fapol"},"content":{"rendered":"<p style=\"text-align: justify;\"><span style=\"color: #800000;\"><strong>Mosc\u00fa, 31 mar (SANA)<\/strong> \u00a0<\/span>El portavoz del Ministerio de Defensa ruso, el mayor general \u00cdgor Konash\u00e9nkov anunci\u00f3 hoy el derribo de dos helic\u00f3pteros en los que estaban siendo evacuados miembros de la comandancia de los nacionalistas ucranianos desde el cerco de Mari\u00fapol.<\/p>\n<p style=\"text-align: justify;\">Cirado por la cadena RT, el vocero precis\u00f3 en una rueda de prensa vespertina sobre los avances de la operaci\u00f3n rusa, que uno de los Mi-8 fue derribado con un sistema port\u00e1til estadounidense Stinger, capturado por las fuerzas de la Rep\u00fablica Popular de Donetsk, entre otros botines.<\/p>\n<p style=\"text-align: justify;\">El segundo helic\u00f3ptero fue alcanzado por un misil y se desvi\u00f3 hacia el mar, donde acab\u00f3 por estrellarse a 20 kil\u00f3metros de la costa.<\/p>\n<p style=\"text-align: justify;\">fm\/sm<\/p>\n","protected":false},"excerpt":{"rendered":"<p>Mosc\u00fa, 31 mar (SANA) \u00a0El portavoz del Ministerio de Defensa ruso, el mayor general \u00cdgor Konash\u00e9nkov anunci\u00f3 hoy el derribo de dos helic\u00f3pteros en los que estaban siendo evacuados miembros de la comandancia de los nacionalistas ucranianos desde el cerco de Mari\u00fapol. Cirado por la cadena RT, el vocero precis\u00f3 en una rueda de prensa &hellip;<\/p>\n","protected":false},"author":39,"featured_media":226641,"comment_status":"closed","ping_status":"closed","sticky":false,"template":"","format":"standard","meta":{"footnotes":""},"categories":[597,456,457,7541],"tags":[],"class_list":["post-226640","post","type-post","status-publish","format-standard","has-post-thumbnail","","category-cinta-de-noticias","category-arabe-internacional-politica","category-noticias-arabe-internacional-politica","category-ultimas-noticias"],"_links":{"self":[{"href":"https:\/\/archive.sana.sy\/es\/index.php?rest_route=\/wp\/v2\/posts\/226640"}],"collection":[{"href":"https:\/\/archive.sana.sy\/es\/index.php?rest_route=\/wp\/v2\/posts"}],"about":[{"href":"https:\/\/archive.sana.sy\/es\/index.php?rest_route=\/wp\/v2\/types\/post"}],"author":[{"embeddable":true,"href":"https:\/\/archive.sana.sy\/es\/index.php?rest_route=\/wp\/v2\/users\/39"}],"replies":[{"embeddable":true,"href":"https:\/\/archive.sana.sy\/es\/index.php?rest_route=%2Fwp%2Fv2%2Fcomments&post=226640"}],"version-history":[{"count":0,"href":"https:\/\/archive.sana.sy\/es\/index.php?rest_route=\/wp\/v2\/posts\/226640\/revisions"}],"wp:featuredmedia":[{"embeddable":true,"href":"https:\/\/archive.sana.sy\/es\/index.php?rest_route=\/wp\/v2\/media\/226641"}],"wp:attachment":[{"href":"https:\/\/archive.sana.sy\/es\/index.php?rest_route=%2Fwp%2Fv2%2Fmedia&parent=226640"}],"wp:term":[{"taxonomy":"category","embeddable":true,"href":"https:\/\/archive.sana.sy\/es\/index.php?rest_route=%2Fwp%2Fv2%2Fcategories&post=226640"},{"taxonomy":"post_tag","embeddable":true,"href":"https:\/\/archive.sana.sy\/es\/index.php?rest_route=%2Fwp%2Fv2%2Ftags&post=226640"}],"curies":[{"name":"wp","href":"https:\/\/api.w.org\/{rel}","templated":true}]}}