{"id":226643,"date":"2022-03-31T21:33:46","date_gmt":"2022-03-31T18:33:46","guid":{"rendered":"http:\/\/107.6.182.27\/es\/?p=226643"},"modified":"2023-01-10T16:35:28","modified_gmt":"2023-01-10T14:35:28","slug":"defensa-rusa-la-aviacion-operativo-tactica-destruyo-28-blancos-militares-en-ucrania-incluidos-cuatro-puestos-de-mando","status":"publish","type":"post","link":"https:\/\/archive.sana.sy\/es\/?p=226643","title":{"rendered":"Defensa rusa: la aviaci\u00f3n operativo-t\u00e1ctica destruy\u00f3 28 blancos militares en Ucrania, incluidos cuatro puestos de mando"},"content":{"rendered":"<p style=\"text-align: justify;\"><span style=\"color: #800000;\"><strong>Mosc\u00fa, 31 mar (SANA)<\/strong><\/span> El Ministerio de Defensa ruso inform\u00f3 hoy que la aviaci\u00f3n operativo-t\u00e1ctica destruy\u00f3 28 blancos militares en Ucrania, incluidos cuatro puestos de mando, tres dep\u00f3sitos de municiones y cuatro de combustible, as\u00ed como seis puntos de concentraci\u00f3n de equipo militar del Ej\u00e9rcito ucraniano.<\/p>\n<p style=\"text-align: justify;\">Citado por RT, el portavoz del Ministerio, el mayor general \u00cdgor Konash\u00e9nkov, anunci\u00f3 que las defensas a\u00e9reas rusas derribaron un helic\u00f3ptero Mi-24 y cuatro drones en la regi\u00f3n de Donetsk.<\/p>\n<p style=\"text-align: justify;\">En total, Rusia destruy\u00f3 desde el inicio de las acciones militares 124 aviones, 80 helic\u00f3pteros, 345 drones, 1.826 tanques y otros veh\u00edculos blindados, 195 lanzacohetes m\u00faltiples, 766 obuses y morteros, as\u00ed como 1.704 veh\u00edculos militares especiales.<\/p>\n<p style=\"text-align: justify;\">fm\/sm<\/p>\n","protected":false},"excerpt":{"rendered":"<p>Mosc\u00fa, 31 mar (SANA) El Ministerio de Defensa ruso inform\u00f3 hoy que la aviaci\u00f3n operativo-t\u00e1ctica destruy\u00f3 28 blancos militares en Ucrania, incluidos cuatro puestos de mando, tres dep\u00f3sitos de municiones y cuatro de combustible, as\u00ed como seis puntos de concentraci\u00f3n de equipo militar del Ej\u00e9rcito ucraniano. Citado por RT, el portavoz del Ministerio, el mayor &hellip;<\/p>\n","protected":false},"author":39,"featured_media":226644,"comment_status":"closed","ping_status":"closed","sticky":false,"template":"","format":"standard","meta":{"footnotes":""},"categories":[597,456,7541],"tags":[],"class_list":["post-226643","post","type-post","status-publish","format-standard","has-post-thumbnail","","category-cinta-de-noticias","category-arabe-internacional-politica","category-ultimas-noticias"],"_links":{"self":[{"href":"https:\/\/archive.sana.sy\/es\/index.php?rest_route=\/wp\/v2\/posts\/226643"}],"collection":[{"href":"https:\/\/archive.sana.sy\/es\/index.php?rest_route=\/wp\/v2\/posts"}],"about":[{"href":"https:\/\/archive.sana.sy\/es\/index.php?rest_route=\/wp\/v2\/types\/post"}],"author":[{"embeddable":true,"href":"https:\/\/archive.sana.sy\/es\/index.php?rest_route=\/wp\/v2\/users\/39"}],"replies":[{"embeddable":true,"href":"https:\/\/archive.sana.sy\/es\/index.php?rest_route=%2Fwp%2Fv2%2Fcomments&post=226643"}],"version-history":[{"count":0,"href":"https:\/\/archive.sana.sy\/es\/index.php?rest_route=\/wp\/v2\/posts\/226643\/revisions"}],"wp:featuredmedia":[{"embeddable":true,"href":"https:\/\/archive.sana.sy\/es\/index.php?rest_route=\/wp\/v2\/media\/226644"}],"wp:attachment":[{"href":"https:\/\/archive.sana.sy\/es\/index.php?rest_route=%2Fwp%2Fv2%2Fmedia&parent=226643"}],"wp:term":[{"taxonomy":"category","embeddable":true,"href":"https:\/\/archive.sana.sy\/es\/index.php?rest_route=%2Fwp%2Fv2%2Fcategories&post=226643"},{"taxonomy":"post_tag","embeddable":true,"href":"https:\/\/archive.sana.sy\/es\/index.php?rest_route=%2Fwp%2Fv2%2Ftags&post=226643"}],"curies":[{"name":"wp","href":"https:\/\/api.w.org\/{rel}","templated":true}]}}