{"id":226658,"date":"2022-03-31T23:02:23","date_gmt":"2022-03-31T20:02:23","guid":{"rendered":"http:\/\/107.6.182.27\/es\/?p=226658"},"modified":"2023-01-10T14:18:59","modified_gmt":"2023-01-10T12:18:59","slug":"seleccion-siria-de-futbol-avanza-tres-puestos-en-el-ranking-mundial-de-selecciones","status":"publish","type":"post","link":"https:\/\/archive.sana.sy\/es\/?p=226658","title":{"rendered":"Selecci\u00f3n siria de f\u00fatbol avanza tres puestos en el ranking mundial de selecciones"},"content":{"rendered":"<p style=\"text-align: justify;\"><span style=\"color: #800000;\"><strong>Berna, 31 mar (SANA)\u00a0 <\/strong><\/span>La selecci\u00f3n de f\u00fatbol de Siria avanz\u00f3 tres puestos en la lista de clasificaci\u00f3n mundial de selecciones, seg\u00fan dio a conocer hoy la Federaci\u00f3n Internacional de Asociaciones de F\u00fatbol.<\/p>\n<p style=\"text-align: justify;\">Por lo tanto, el equipo sirio de f\u00fatbol ocupa el puesto 88 a nivel mundial, el 12 de Asia y el 10 del mundo \u00e1rabe, tras vencer 3-0 a L\u00edbano y empatar 1-1 con Iraq al t\u00e9rmino de su participaci\u00f3n en las eliminatorias asi\u00e1ticas al Mundial.<\/p>\n<p style=\"text-align: justify;\">sm\/fm<\/p>\n","protected":false},"excerpt":{"rendered":"<p>Berna, 31 mar (SANA)\u00a0 La selecci\u00f3n de f\u00fatbol de Siria avanz\u00f3 tres puestos en la lista de clasificaci\u00f3n mundial de selecciones, seg\u00fan dio a conocer hoy la Federaci\u00f3n Internacional de Asociaciones de F\u00fatbol. Por lo tanto, el equipo sirio de f\u00fatbol ocupa el puesto 88 a nivel mundial, el 12 de Asia y el 10 &hellip;<\/p>\n","protected":false},"author":39,"featured_media":226659,"comment_status":"closed","ping_status":"closed","sticky":false,"template":"","format":"standard","meta":{"footnotes":""},"categories":[447,597,494,457,467],"tags":[],"class_list":["post-226658","post","type-post","status-publish","format-standard","has-post-thumbnail","","category-local-politica","category-cinta-de-noticias","category-deportes","category-noticias-arabe-internacional-politica","category-siria-y-el-mundo"],"_links":{"self":[{"href":"https:\/\/archive.sana.sy\/es\/index.php?rest_route=\/wp\/v2\/posts\/226658"}],"collection":[{"href":"https:\/\/archive.sana.sy\/es\/index.php?rest_route=\/wp\/v2\/posts"}],"about":[{"href":"https:\/\/archive.sana.sy\/es\/index.php?rest_route=\/wp\/v2\/types\/post"}],"author":[{"embeddable":true,"href":"https:\/\/archive.sana.sy\/es\/index.php?rest_route=\/wp\/v2\/users\/39"}],"replies":[{"embeddable":true,"href":"https:\/\/archive.sana.sy\/es\/index.php?rest_route=%2Fwp%2Fv2%2Fcomments&post=226658"}],"version-history":[{"count":0,"href":"https:\/\/archive.sana.sy\/es\/index.php?rest_route=\/wp\/v2\/posts\/226658\/revisions"}],"wp:featuredmedia":[{"embeddable":true,"href":"https:\/\/archive.sana.sy\/es\/index.php?rest_route=\/wp\/v2\/media\/226659"}],"wp:attachment":[{"href":"https:\/\/archive.sana.sy\/es\/index.php?rest_route=%2Fwp%2Fv2%2Fmedia&parent=226658"}],"wp:term":[{"taxonomy":"category","embeddable":true,"href":"https:\/\/archive.sana.sy\/es\/index.php?rest_route=%2Fwp%2Fv2%2Fcategories&post=226658"},{"taxonomy":"post_tag","embeddable":true,"href":"https:\/\/archive.sana.sy\/es\/index.php?rest_route=%2Fwp%2Fv2%2Ftags&post=226658"}],"curies":[{"name":"wp","href":"https:\/\/api.w.org\/{rel}","templated":true}]}}