{"id":226661,"date":"2022-03-31T16:18:01","date_gmt":"2022-03-31T13:18:01","guid":{"rendered":"http:\/\/107.6.182.27\/es\/?p=226661"},"modified":"2023-01-10T14:19:01","modified_gmt":"2023-01-10T12:19:01","slug":"la-joven-siria-considera-que-la-distincion-de-una-estudiante-siria-en-medio-de-la-guerra-es-mayor-y-mas-importante-que-la-distincion-que-consiguio-ella-en-eeuu","status":"publish","type":"post","link":"https:\/\/archive.sana.sy\/es\/?p=226661","title":{"rendered":"Joven siria entre las cinco j\u00f3venes m\u00e1s destacadas del estado de Maryland\/EEUU"},"content":{"rendered":"<p style=\"text-align: justify;\"><span style=\"color: #800000;\"><strong>Maryland, 31 mar (SANA)\u00a0 <\/strong><\/span>La joven siria Myrna Obeid, obtuvo el premio como una de las cinco j\u00f3venes m\u00e1s destacadas de este a\u00f1o en el estado de Maryland, EEUU, el cual se entrega por un comit\u00e9 especial para mujeres en reconocimiento por sus logros y capacidad para ocupar puestos y contribuir a un trabajo influyente y positivo en su comunidad.<\/p>\n<p style=\"text-align: justify;\">\u201cEl premio est\u00e1 ligado a un logro que pude obtener de joven para influir en la sociedad, ya que durante mi estudio de secundaria establec\u00ed un club para ense\u00f1ar y ayudar a los estudiantes en las asignaturas de matem\u00e1ticas y f\u00edsica\u201d, dijo Mirna en entrevista con SANA.<\/p>\n<p style=\"text-align: justify;\">La joven siria considera que la distinci\u00f3n de una estudiante siria en medio de la guerra es mayor y m\u00e1s importante que la distinci\u00f3n que consigui\u00f3 ella en EEUU.<\/p>\n<p style=\"text-align: justify;\">Destac\u00f3 que Siria posee muchos talentos, geniosos y estudiantes apasionados por la ciencia.<\/p>\n<div id='gallery-1' class='gallery galleryid-226661 gallery-columns-1 gallery-size-full'><figure class='gallery-item'>\n\t\t\t<div class='gallery-icon portrait'>\n\t\t\t\t<a href='https:\/\/archive.sana.sy\/es\/?attachment_id=226663'><img loading=\"lazy\" decoding=\"async\" width=\"660\" height=\"856\" src=\"https:\/\/archive.sana.sy\/es\/wp-content\/uploads\/2022\/03\/photo_2022-03-31_12-17-51.jpg\" class=\"attachment-full size-full\" alt=\"\" srcset=\"https:\/\/archive.sana.sy\/es\/wp-content\/uploads\/2022\/03\/photo_2022-03-31_12-17-51.jpg 660w, https:\/\/archive.sana.sy\/es\/wp-content\/uploads\/2022\/03\/photo_2022-03-31_12-17-51-231x300.jpg 231w, https:\/\/archive.sana.sy\/es\/wp-content\/uploads\/2022\/03\/photo_2022-03-31_12-17-51-116x150.jpg 116w\" sizes=\"(max-width: 660px) 100vw, 660px\" \/><\/a>\n\t\t\t<\/div><\/figure><figure class='gallery-item'>\n\t\t\t<div class='gallery-icon portrait'>\n\t\t\t\t<a href='https:\/\/archive.sana.sy\/es\/?attachment_id=226664'><img loading=\"lazy\" decoding=\"async\" width=\"660\" height=\"863\" src=\"https:\/\/archive.sana.sy\/es\/wp-content\/uploads\/2022\/03\/photo_2022-03-31_16-18-41.jpg\" class=\"attachment-full size-full\" alt=\"\" srcset=\"https:\/\/archive.sana.sy\/es\/wp-content\/uploads\/2022\/03\/photo_2022-03-31_16-18-41.jpg 660w, https:\/\/archive.sana.sy\/es\/wp-content\/uploads\/2022\/03\/photo_2022-03-31_16-18-41-229x300.jpg 229w, https:\/\/archive.sana.sy\/es\/wp-content\/uploads\/2022\/03\/photo_2022-03-31_16-18-41-115x150.jpg 115w\" sizes=\"(max-width: 660px) 100vw, 660px\" \/><\/a>\n\t\t\t<\/div><\/figure>\n\t\t<\/div>\n\n<p style=\"text-align: justify;\">sm\/fm<\/p>\n","protected":false},"excerpt":{"rendered":"<p>Maryland, 31 mar (SANA)\u00a0 La joven siria Myrna Obeid, obtuvo el premio como una de las cinco j\u00f3venes m\u00e1s destacadas de este a\u00f1o en el estado de Maryland, EEUU, el cual se entrega por un comit\u00e9 especial para mujeres en reconocimiento por sus logros y capacidad para ocupar puestos y contribuir a un trabajo influyente &hellip;<\/p>\n","protected":false},"author":39,"featured_media":226662,"comment_status":"closed","ping_status":"closed","sticky":false,"template":"","format":"standard","meta":{"footnotes":""},"categories":[447,597,19549,457,467,7541],"tags":[],"class_list":["post-226661","post","type-post","status-publish","format-standard","has-post-thumbnail","","category-local-politica","category-cinta-de-noticias","category-ellas","category-noticias-arabe-internacional-politica","category-siria-y-el-mundo","category-ultimas-noticias"],"_links":{"self":[{"href":"https:\/\/archive.sana.sy\/es\/index.php?rest_route=\/wp\/v2\/posts\/226661"}],"collection":[{"href":"https:\/\/archive.sana.sy\/es\/index.php?rest_route=\/wp\/v2\/posts"}],"about":[{"href":"https:\/\/archive.sana.sy\/es\/index.php?rest_route=\/wp\/v2\/types\/post"}],"author":[{"embeddable":true,"href":"https:\/\/archive.sana.sy\/es\/index.php?rest_route=\/wp\/v2\/users\/39"}],"replies":[{"embeddable":true,"href":"https:\/\/archive.sana.sy\/es\/index.php?rest_route=%2Fwp%2Fv2%2Fcomments&post=226661"}],"version-history":[{"count":0,"href":"https:\/\/archive.sana.sy\/es\/index.php?rest_route=\/wp\/v2\/posts\/226661\/revisions"}],"wp:featuredmedia":[{"embeddable":true,"href":"https:\/\/archive.sana.sy\/es\/index.php?rest_route=\/wp\/v2\/media\/226662"}],"wp:attachment":[{"href":"https:\/\/archive.sana.sy\/es\/index.php?rest_route=%2Fwp%2Fv2%2Fmedia&parent=226661"}],"wp:term":[{"taxonomy":"category","embeddable":true,"href":"https:\/\/archive.sana.sy\/es\/index.php?rest_route=%2Fwp%2Fv2%2Fcategories&post=226661"},{"taxonomy":"post_tag","embeddable":true,"href":"https:\/\/archive.sana.sy\/es\/index.php?rest_route=%2Fwp%2Fv2%2Ftags&post=226661"}],"curies":[{"name":"wp","href":"https:\/\/api.w.org\/{rel}","templated":true}]}}