{"id":226668,"date":"2022-04-01T08:30:15","date_gmt":"2022-04-01T05:30:15","guid":{"rendered":"http:\/\/107.6.182.27\/es\/?p=226668"},"modified":"2023-01-10T16:35:27","modified_gmt":"2023-01-10T14:35:27","slug":"washington-amenazo-con-derrocar-a-mi-gobierno-por-negarse-a-establecer-bases-militares-en-pakistan","status":"publish","type":"post","link":"https:\/\/archive.sana.sy\/es\/?p=226668","title":{"rendered":"Washington amenaz\u00f3 con derrocar a mi gobierno por negarse a establecer bases militares en Pakist\u00e1n"},"content":{"rendered":"<p style=\"text-align: justify;\"><strong>Islamabad, 01 abr (<span style=\"color: #ff0000;\">SANA<\/span>)<\/strong> El primer ministro paquistan\u00ed, Imr\u00e1n Khan, revel\u00f3 hoy que Estados Unidos ha amenazado con derrocar a su gobierno por su negativa a establecer bases militares estadounidenses en su pa\u00eds.<\/p>\n<p style=\"text-align: justify;\">&#8220;Anuncio al pueblo que he recibido una carta amenazante de Estados Unidos&#8221;, dijo Khan en un discurso transmitido por la televisi\u00f3n estatal, y agreg\u00f3 que &#8220;Estados Unidos amenaz\u00f3 con derrocar a mi gobierno porque me negu\u00e9 a establecer bases militares en nuestra tierra.&#8221;<\/p>\n<p style=\"text-align: justify;\">Asimismo, neg\u00f3 a dimitir y acus\u00f3 a Washington de &#8220;apoyar la oposici\u00f3n&#8221;, y subray\u00f3 la necesidad de que &#8220;la pol\u00edtica exterior de Pakist\u00e1n sea independiente&#8221;.<\/p>\n<p style=\"text-align: justify;\"><em><strong>fm\/ah<\/strong><\/em><\/p>\n","protected":false},"excerpt":{"rendered":"<p>Islamabad, 01 abr (SANA) El primer ministro paquistan\u00ed, Imr\u00e1n Khan, revel\u00f3 hoy que Estados Unidos ha amenazado con derrocar a su gobierno por su negativa a establecer bases militares estadounidenses en su pa\u00eds. &#8220;Anuncio al pueblo que he recibido una carta amenazante de Estados Unidos&#8221;, dijo Khan en un discurso transmitido por la televisi\u00f3n estatal, &hellip;<\/p>\n","protected":false},"author":30,"featured_media":226669,"comment_status":"closed","ping_status":"closed","sticky":false,"template":"","format":"standard","meta":{"footnotes":""},"categories":[597,456],"tags":[],"class_list":["post-226668","post","type-post","status-publish","format-standard","has-post-thumbnail","","category-cinta-de-noticias","category-arabe-internacional-politica"],"_links":{"self":[{"href":"https:\/\/archive.sana.sy\/es\/index.php?rest_route=\/wp\/v2\/posts\/226668"}],"collection":[{"href":"https:\/\/archive.sana.sy\/es\/index.php?rest_route=\/wp\/v2\/posts"}],"about":[{"href":"https:\/\/archive.sana.sy\/es\/index.php?rest_route=\/wp\/v2\/types\/post"}],"author":[{"embeddable":true,"href":"https:\/\/archive.sana.sy\/es\/index.php?rest_route=\/wp\/v2\/users\/30"}],"replies":[{"embeddable":true,"href":"https:\/\/archive.sana.sy\/es\/index.php?rest_route=%2Fwp%2Fv2%2Fcomments&post=226668"}],"version-history":[{"count":0,"href":"https:\/\/archive.sana.sy\/es\/index.php?rest_route=\/wp\/v2\/posts\/226668\/revisions"}],"wp:featuredmedia":[{"embeddable":true,"href":"https:\/\/archive.sana.sy\/es\/index.php?rest_route=\/wp\/v2\/media\/226669"}],"wp:attachment":[{"href":"https:\/\/archive.sana.sy\/es\/index.php?rest_route=%2Fwp%2Fv2%2Fmedia&parent=226668"}],"wp:term":[{"taxonomy":"category","embeddable":true,"href":"https:\/\/archive.sana.sy\/es\/index.php?rest_route=%2Fwp%2Fv2%2Fcategories&post=226668"},{"taxonomy":"post_tag","embeddable":true,"href":"https:\/\/archive.sana.sy\/es\/index.php?rest_route=%2Fwp%2Fv2%2Ftags&post=226668"}],"curies":[{"name":"wp","href":"https:\/\/api.w.org\/{rel}","templated":true}]}}