{"id":226681,"date":"2022-04-01T09:24:39","date_gmt":"2022-04-01T06:24:39","guid":{"rendered":"http:\/\/107.6.182.27\/es\/?p=226681"},"modified":"2023-01-10T16:35:27","modified_gmt":"2023-01-10T14:35:27","slug":"comite-de-la-onu-convoca-a-movilizacion-internacional-a-favor-de-la-causa-palestina","status":"publish","type":"post","link":"https:\/\/archive.sana.sy\/es\/?p=226681","title":{"rendered":"Comit\u00e9 de la ONU convoca a movilizaci\u00f3n internacional a favor de la causa palestina"},"content":{"rendered":"<p style=\"text-align: justify;\"><strong>Nueva York, 01 abr (<span style=\"color: #ff0000;\">SANA<\/span>) <\/strong>El Comit\u00e9 de la Asamblea General de las Naciones Unidas para el ejercicio de los derechos inalienables del pueblo palestino reiter\u00f3 que las nuevas crisis mundiales no deben distraer la comunidad internacional de las violaciones del ocupante israel\u00ed y de la peligrosa situaci\u00f3n en el territorio palestino ocupado.<\/p>\n<p style=\"text-align: justify;\">En una declaraci\u00f3n citada por la agencia palestina WAFA, el Comit\u00e9 subray\u00f3 que las nuevas crisis mundiales y los conflictos preocupantes no deber\u00edan distraer a la comunidad internacional de la peligrosa situaci\u00f3n en los territorios palestinos y de las pr\u00e1cticas de ocupaci\u00f3n israel\u00edes, que se convierten en una anexi\u00f3n de facto de tierras palestinas a las colonias.<\/p>\n<p style=\"text-align: justify;\">El Comit\u00e9 exhort\u00f3 la comunidad internacional a que se movilizara internacionalmente para que el pueblo palestino pudiera ejercer su libre determinaci\u00f3n, encontrar una soluci\u00f3n justa a la cuesti\u00f3n de los refugiados palestinos y poner fin a la ocupaci\u00f3n israel\u00ed.<\/p>\n<p style=\"text-align: justify;\"><em><strong>ah\/fm<\/strong><\/em><\/p>\n","protected":false},"excerpt":{"rendered":"<p>Nueva York, 01 abr (SANA) El Comit\u00e9 de la Asamblea General de las Naciones Unidas para el ejercicio de los derechos inalienables del pueblo palestino reiter\u00f3 que las nuevas crisis mundiales no deben distraer la comunidad internacional de las violaciones del ocupante israel\u00ed y de la peligrosa situaci\u00f3n en el territorio palestino ocupado. En una &hellip;<\/p>\n","protected":false},"author":30,"featured_media":226682,"comment_status":"closed","ping_status":"closed","sticky":false,"template":"","format":"standard","meta":{"footnotes":""},"categories":[597,456],"tags":[],"class_list":["post-226681","post","type-post","status-publish","format-standard","has-post-thumbnail","","category-cinta-de-noticias","category-arabe-internacional-politica"],"_links":{"self":[{"href":"https:\/\/archive.sana.sy\/es\/index.php?rest_route=\/wp\/v2\/posts\/226681"}],"collection":[{"href":"https:\/\/archive.sana.sy\/es\/index.php?rest_route=\/wp\/v2\/posts"}],"about":[{"href":"https:\/\/archive.sana.sy\/es\/index.php?rest_route=\/wp\/v2\/types\/post"}],"author":[{"embeddable":true,"href":"https:\/\/archive.sana.sy\/es\/index.php?rest_route=\/wp\/v2\/users\/30"}],"replies":[{"embeddable":true,"href":"https:\/\/archive.sana.sy\/es\/index.php?rest_route=%2Fwp%2Fv2%2Fcomments&post=226681"}],"version-history":[{"count":0,"href":"https:\/\/archive.sana.sy\/es\/index.php?rest_route=\/wp\/v2\/posts\/226681\/revisions"}],"wp:featuredmedia":[{"embeddable":true,"href":"https:\/\/archive.sana.sy\/es\/index.php?rest_route=\/wp\/v2\/media\/226682"}],"wp:attachment":[{"href":"https:\/\/archive.sana.sy\/es\/index.php?rest_route=%2Fwp%2Fv2%2Fmedia&parent=226681"}],"wp:term":[{"taxonomy":"category","embeddable":true,"href":"https:\/\/archive.sana.sy\/es\/index.php?rest_route=%2Fwp%2Fv2%2Fcategories&post=226681"},{"taxonomy":"post_tag","embeddable":true,"href":"https:\/\/archive.sana.sy\/es\/index.php?rest_route=%2Fwp%2Fv2%2Ftags&post=226681"}],"curies":[{"name":"wp","href":"https:\/\/api.w.org\/{rel}","templated":true}]}}