{"id":226699,"date":"2022-04-01T11:13:21","date_gmt":"2022-04-01T08:13:21","guid":{"rendered":"http:\/\/107.6.182.27\/es\/?p=226699"},"modified":"2022-04-01T18:29:08","modified_gmt":"2022-04-01T15:29:08","slug":"periodistas-de-cuba-elogian-papel-de-los-medios-de-prensa-sirios-en-la-defensa-de-su-pais","status":"publish","type":"post","link":"https:\/\/archive.sana.sy\/es\/?p=226699","title":{"rendered":"Periodistas de Cuba elogian papel de los medios de prensa sirios en la defensa de su pa\u00eds"},"content":{"rendered":"<p style=\"text-align: justify;\"><span style=\"color: #800000;\"><strong>La Habana, 01 abr (SANA) <\/strong><\/span>Varios periodistas cubanos destacaron el importante papel desempe\u00f1ado por los medios nacionales sirios en la defensa de su pa\u00eds, y expresaron su continuo apoyo a Siria frente a la campa\u00f1a medi\u00e1tica lanzada en su contra por parte de los medios hostiles.<\/p>\n<p style=\"text-align: justify;\">Durante una ceremonia de despedida al embajador de Siria en Cuba, Idris Maya, con motivo del t\u00e9rmino de sus funciones, realizada en la Uni\u00f3n de Periodistas Cubanos en La Habana, el Presidente de la referida Uni\u00f3n, Ricardo Ronquillo, destac\u00f3 la cooperaci\u00f3n constructiva y permanente entre los dos sindicatos de periodistas en Siria y Cuba para servir a las causas comunes defendidas por los dos pa\u00edses.<\/p>\n<p style=\"text-align: justify;\">Ronquillo expres\u00f3 su condena a la tendenciosa campa\u00f1a medi\u00e1tica contra los dos pa\u00edses por parte de medios hostiles.<br \/>\n\u201cLos medios cubanos siempre estar\u00e1n codo a codo con los medios sirios y har\u00e1n todo lo posible para desenmascarar las pol\u00edticas imperialistas hostiles\u201d, reiter\u00f3.<\/p>\n<p style=\"text-align: justify;\">Asimismo, elogi\u00f3 la especial relaci\u00f3n que la Embajada de Siria en Cuba ha tenido con varios medios cubanos en los \u00faltimos a\u00f1os.<\/p>\n<p style=\"text-align: justify;\">Por su parte, el presidente de la agencia Prensa Latina, Luis Enrique, destac\u00f3 la cooperaci\u00f3n constructiva entre la agencia que preside y la Agencia \u00c1rabe Siria Noticias de (SANA).<\/p>\n<p style=\"text-align: justify;\">\u201cPrensa Latina siempre ha transmitido una imagen objetiva y fiable de la guerra terrorista impuesta a Siria desde hace 12 a\u00f1os\u201d indic\u00f3, y elogi\u00f3 el alto profesionalismo de los medios nacionales sirios y su respetable respuesta a la tergiversaci\u00f3n medi\u00e1tica en Siria.<\/p>\n<p style=\"text-align: justify;\">La periodista cubana Arleen Rodr\u00edguez destac\u00f3 que Siria ocupa un lugar importante en los corazones de los periodistas cubanos, que no han escatimado ni escatimar\u00e1n esfuerzos para defenderla y defender todas las causas justas del mundo.<\/p>\n<p style=\"text-align: justify;\">Por su parte, el embajador Mayya expres\u00f3 su gratitud a los medios de comunicaci\u00f3n cubanos por su papel constructivo en la defensa de la verdad y su firmeza para transmitir los hechos y realidades tal como son y para desenmascarar los cr\u00edmenes de las organizaciones terroristas y sus partidarios.<\/p>\n<p style=\"text-align: justify;\">Al t\u00e9rmino de la ceremonia, el presidente de la Uni\u00f3n de Periodistas de Cuba entreg\u00f3 al embajador Mayya el Premio de la Dignidad, que la Federaci\u00f3n decidi\u00f3 otorgar al periodista sirio y corresponsal de la agencia Prensa Latina en Damasco Fady Marouf, en reconocimiento a su distinguido rol y actividad medi\u00e1tica.<\/p>\n<p style=\"text-align: justify;\"><em><strong>ah\/fm<\/strong><\/em><\/p>\n","protected":false},"excerpt":{"rendered":"<p>La Habana, 01 abr (SANA) Varios periodistas cubanos destacaron el importante papel desempe\u00f1ado por los medios nacionales sirios en la defensa de su pa\u00eds, y expresaron su continuo apoyo a Siria frente a la campa\u00f1a medi\u00e1tica lanzada en su contra por parte de los medios hostiles. Durante una ceremonia de despedida al embajador de Siria &hellip;<\/p>\n","protected":false},"author":30,"featured_media":226700,"comment_status":"closed","ping_status":"closed","sticky":false,"template":"","format":"standard","meta":{"footnotes":""},"categories":[597,467,583],"tags":[],"class_list":["post-226699","post","type-post","status-publish","format-standard","has-post-thumbnail","","category-cinta-de-noticias","category-siria-y-el-mundo","category-slide"],"_links":{"self":[{"href":"https:\/\/archive.sana.sy\/es\/index.php?rest_route=\/wp\/v2\/posts\/226699"}],"collection":[{"href":"https:\/\/archive.sana.sy\/es\/index.php?rest_route=\/wp\/v2\/posts"}],"about":[{"href":"https:\/\/archive.sana.sy\/es\/index.php?rest_route=\/wp\/v2\/types\/post"}],"author":[{"embeddable":true,"href":"https:\/\/archive.sana.sy\/es\/index.php?rest_route=\/wp\/v2\/users\/30"}],"replies":[{"embeddable":true,"href":"https:\/\/archive.sana.sy\/es\/index.php?rest_route=%2Fwp%2Fv2%2Fcomments&post=226699"}],"version-history":[{"count":0,"href":"https:\/\/archive.sana.sy\/es\/index.php?rest_route=\/wp\/v2\/posts\/226699\/revisions"}],"wp:featuredmedia":[{"embeddable":true,"href":"https:\/\/archive.sana.sy\/es\/index.php?rest_route=\/wp\/v2\/media\/226700"}],"wp:attachment":[{"href":"https:\/\/archive.sana.sy\/es\/index.php?rest_route=%2Fwp%2Fv2%2Fmedia&parent=226699"}],"wp:term":[{"taxonomy":"category","embeddable":true,"href":"https:\/\/archive.sana.sy\/es\/index.php?rest_route=%2Fwp%2Fv2%2Fcategories&post=226699"},{"taxonomy":"post_tag","embeddable":true,"href":"https:\/\/archive.sana.sy\/es\/index.php?rest_route=%2Fwp%2Fv2%2Ftags&post=226699"}],"curies":[{"name":"wp","href":"https:\/\/api.w.org\/{rel}","templated":true}]}}