{"id":226709,"date":"2022-04-01T13:57:06","date_gmt":"2022-04-01T10:57:06","guid":{"rendered":"http:\/\/107.6.182.27\/es\/?p=226709"},"modified":"2023-01-10T16:35:26","modified_gmt":"2023-01-10T14:35:26","slug":"fuerzas-de-seguridad-rusas-arrestan-a-10-integrantes-de-una-red-terrorista","status":"publish","type":"post","link":"https:\/\/archive.sana.sy\/es\/?p=226709","title":{"rendered":"Fuerzas de seguridad rusas arrestan a 10 integrantes de una red terrorista"},"content":{"rendered":"<p style=\"text-align: justify;\"><span style=\"color: #800000;\"><strong>Mosc\u00fa, 01 abr (SANA)\u00a0<\/strong><\/span> \u00a0La Seguridad Federal rusa ha arrestado, en diferentes partes de Rusia, a 10 terroristas involucrados en la financiaci\u00f3n de la organizaci\u00f3n terrorista \u201cJunta para Liberaci\u00f3n del Levante\u201d, una organizaci\u00f3n terrorista vinculada al Frente al-Nusra, en Siria.<\/p>\n<p style=\"text-align: justify;\">&#8220;Los terroristas han sido arrestados en el territorio de las Rep\u00fablicas de Bashkortost\u00e1n, Daguest\u00e1n e Ingushetia, dijo el Servicio de Seguridad en un comunicado.<\/p>\n<p style=\"text-align: justify;\">Seg\u00fan el comunicado, los detenidos crearon una vasta red de recolecci\u00f3n, acumulaci\u00f3n y transferencia de fondos a cuentas bancarias y tarjetas registradas de terceros.<\/p>\n<p style=\"text-align: justify;\">Estos\u00a0 fondos recibidos bajo el disfraz de &#8220;filantrop\u00eda&#8221; se enviaron a la provincia siria de Idlib, que est\u00e1 bajo el control de los terroristas.<\/p>\n<p style=\"text-align: justify;\">ah\/fm<\/p>\n","protected":false},"excerpt":{"rendered":"<p>Mosc\u00fa, 01 abr (SANA)\u00a0 \u00a0La Seguridad Federal rusa ha arrestado, en diferentes partes de Rusia, a 10 terroristas involucrados en la financiaci\u00f3n de la organizaci\u00f3n terrorista \u201cJunta para Liberaci\u00f3n del Levante\u201d, una organizaci\u00f3n terrorista vinculada al Frente al-Nusra, en Siria. &#8220;Los terroristas han sido arrestados en el territorio de las Rep\u00fablicas de Bashkortost\u00e1n, Daguest\u00e1n e &hellip;<\/p>\n","protected":false},"author":39,"featured_media":226710,"comment_status":"closed","ping_status":"closed","sticky":false,"template":"","format":"standard","meta":{"footnotes":""},"categories":[447,597,456,7541],"tags":[],"class_list":["post-226709","post","type-post","status-publish","format-standard","has-post-thumbnail","","category-local-politica","category-cinta-de-noticias","category-arabe-internacional-politica","category-ultimas-noticias"],"_links":{"self":[{"href":"https:\/\/archive.sana.sy\/es\/index.php?rest_route=\/wp\/v2\/posts\/226709"}],"collection":[{"href":"https:\/\/archive.sana.sy\/es\/index.php?rest_route=\/wp\/v2\/posts"}],"about":[{"href":"https:\/\/archive.sana.sy\/es\/index.php?rest_route=\/wp\/v2\/types\/post"}],"author":[{"embeddable":true,"href":"https:\/\/archive.sana.sy\/es\/index.php?rest_route=\/wp\/v2\/users\/39"}],"replies":[{"embeddable":true,"href":"https:\/\/archive.sana.sy\/es\/index.php?rest_route=%2Fwp%2Fv2%2Fcomments&post=226709"}],"version-history":[{"count":0,"href":"https:\/\/archive.sana.sy\/es\/index.php?rest_route=\/wp\/v2\/posts\/226709\/revisions"}],"wp:featuredmedia":[{"embeddable":true,"href":"https:\/\/archive.sana.sy\/es\/index.php?rest_route=\/wp\/v2\/media\/226710"}],"wp:attachment":[{"href":"https:\/\/archive.sana.sy\/es\/index.php?rest_route=%2Fwp%2Fv2%2Fmedia&parent=226709"}],"wp:term":[{"taxonomy":"category","embeddable":true,"href":"https:\/\/archive.sana.sy\/es\/index.php?rest_route=%2Fwp%2Fv2%2Fcategories&post=226709"},{"taxonomy":"post_tag","embeddable":true,"href":"https:\/\/archive.sana.sy\/es\/index.php?rest_route=%2Fwp%2Fv2%2Ftags&post=226709"}],"curies":[{"name":"wp","href":"https:\/\/api.w.org\/{rel}","templated":true}]}}