{"id":226720,"date":"2022-04-01T15:02:45","date_gmt":"2022-04-01T12:02:45","guid":{"rendered":"http:\/\/107.6.182.27\/es\/?p=226720"},"modified":"2023-01-10T16:35:26","modified_gmt":"2023-01-10T14:35:26","slug":"colonos-israelies-impiden-acceso-de-agricultores-palestinos-a-sus-tierras-al-norte-de-ramallah","status":"publish","type":"post","link":"https:\/\/archive.sana.sy\/es\/?p=226720","title":{"rendered":"Colonos israel\u00edes impiden acceso de agricultores palestinos a sus tierras al norte de Ramallah"},"content":{"rendered":"<p style=\"text-align: justify;\"><span style=\"color: #800000;\"><strong>Jerusal\u00e9n ocupada, 01 abr (SANA)\u00a0<\/strong><\/span> Los colonos israel\u00edes asaltaron hoy la localidad de Sinjel, al norte de Ramallah en Cisjordania, e impidieron que los agricultores palestinos cultivaran sus tierras.<\/p>\n<p style=\"text-align: justify;\">La Agencia Wafa inform\u00f3 que las autoridades del ocupante amenazas con apoderarse de estas tierras.<\/p>\n<p style=\"text-align: justify;\">Un palestino result\u00f3 herido la v\u00edspera en ataque de los colonos contra la ciudad de Jeric\u00f3, en Cisjordania.<\/p>\n<p style=\"text-align: justify;\">fm\/sm<\/p>\n","protected":false},"excerpt":{"rendered":"<p>Jerusal\u00e9n ocupada, 01 abr (SANA)\u00a0 Los colonos israel\u00edes asaltaron hoy la localidad de Sinjel, al norte de Ramallah en Cisjordania, e impidieron que los agricultores palestinos cultivaran sus tierras. La Agencia Wafa inform\u00f3 que las autoridades del ocupante amenazas con apoderarse de estas tierras. Un palestino result\u00f3 herido la v\u00edspera en ataque de los colonos &hellip;<\/p>\n","protected":false},"author":39,"featured_media":226721,"comment_status":"closed","ping_status":"closed","sticky":false,"template":"","format":"standard","meta":{"footnotes":""},"categories":[597,456,457],"tags":[],"class_list":["post-226720","post","type-post","status-publish","format-standard","has-post-thumbnail","","category-cinta-de-noticias","category-arabe-internacional-politica","category-noticias-arabe-internacional-politica"],"_links":{"self":[{"href":"https:\/\/archive.sana.sy\/es\/index.php?rest_route=\/wp\/v2\/posts\/226720"}],"collection":[{"href":"https:\/\/archive.sana.sy\/es\/index.php?rest_route=\/wp\/v2\/posts"}],"about":[{"href":"https:\/\/archive.sana.sy\/es\/index.php?rest_route=\/wp\/v2\/types\/post"}],"author":[{"embeddable":true,"href":"https:\/\/archive.sana.sy\/es\/index.php?rest_route=\/wp\/v2\/users\/39"}],"replies":[{"embeddable":true,"href":"https:\/\/archive.sana.sy\/es\/index.php?rest_route=%2Fwp%2Fv2%2Fcomments&post=226720"}],"version-history":[{"count":0,"href":"https:\/\/archive.sana.sy\/es\/index.php?rest_route=\/wp\/v2\/posts\/226720\/revisions"}],"wp:featuredmedia":[{"embeddable":true,"href":"https:\/\/archive.sana.sy\/es\/index.php?rest_route=\/wp\/v2\/media\/226721"}],"wp:attachment":[{"href":"https:\/\/archive.sana.sy\/es\/index.php?rest_route=%2Fwp%2Fv2%2Fmedia&parent=226720"}],"wp:term":[{"taxonomy":"category","embeddable":true,"href":"https:\/\/archive.sana.sy\/es\/index.php?rest_route=%2Fwp%2Fv2%2Fcategories&post=226720"},{"taxonomy":"post_tag","embeddable":true,"href":"https:\/\/archive.sana.sy\/es\/index.php?rest_route=%2Fwp%2Fv2%2Ftags&post=226720"}],"curies":[{"name":"wp","href":"https:\/\/api.w.org\/{rel}","templated":true}]}}