{"id":226729,"date":"2022-04-01T15:50:36","date_gmt":"2022-04-01T12:50:36","guid":{"rendered":"http:\/\/107.6.182.27\/es\/?p=226729"},"modified":"2023-01-10T14:18:58","modified_gmt":"2023-01-10T12:18:58","slug":"siria-y-rusia-intercambian-sobre-cuestiones-internacionales-y-regionales","status":"publish","type":"post","link":"https:\/\/archive.sana.sy\/es\/?p=226729","title":{"rendered":"Siria y Rusia intercambian sobre cuestiones internacionales y regionales"},"content":{"rendered":"<p style=\"text-align: justify;\"><span style=\"color: #800000;\"><strong>Mosc\u00fa, 1 abr (SANA)\u00a0<\/strong><\/span> El representante especial del presidente de Rusia para Medio Oriente y \u00c1frica, y viceministro de Exteriores, Mikhail Bogdanov, examin\u00f3 con el Embajador de Siria en Mosc\u00fa, Riad Haddad, varios temas internacionales y regionales.<\/p>\n<p style=\"text-align: justify;\">Ambas partes trataron asuntos de inter\u00e9s com\u00fan y el desarrollo de la situaci\u00f3n de Ucrania.<\/p>\n<p style=\"text-align: justify;\">\u201cDurante la reuni\u00f3n, se abord\u00f3 el establecimiento de una cooperaci\u00f3n ruso-siria multifac\u00e9tica, incluida la mejora de la situaci\u00f3n social y econ\u00f3mica en el pa\u00eds \u00e1rabe\u201d, anunci\u00f3 la Canciller\u00eda rusa en una declaraci\u00f3n.<\/p>\n<p style=\"text-align: justify;\">sm\/fm<\/p>\n","protected":false},"excerpt":{"rendered":"<p>Mosc\u00fa, 1 abr (SANA)\u00a0 El representante especial del presidente de Rusia para Medio Oriente y \u00c1frica, y viceministro de Exteriores, Mikhail Bogdanov, examin\u00f3 con el Embajador de Siria en Mosc\u00fa, Riad Haddad, varios temas internacionales y regionales. Ambas partes trataron asuntos de inter\u00e9s com\u00fan y el desarrollo de la situaci\u00f3n de Ucrania. \u201cDurante la reuni\u00f3n, &hellip;<\/p>\n","protected":false},"author":39,"featured_media":226731,"comment_status":"closed","ping_status":"closed","sticky":false,"template":"","format":"standard","meta":{"footnotes":""},"categories":[447,597,457,467,7541],"tags":[],"class_list":["post-226729","post","type-post","status-publish","format-standard","has-post-thumbnail","","category-local-politica","category-cinta-de-noticias","category-noticias-arabe-internacional-politica","category-siria-y-el-mundo","category-ultimas-noticias"],"_links":{"self":[{"href":"https:\/\/archive.sana.sy\/es\/index.php?rest_route=\/wp\/v2\/posts\/226729"}],"collection":[{"href":"https:\/\/archive.sana.sy\/es\/index.php?rest_route=\/wp\/v2\/posts"}],"about":[{"href":"https:\/\/archive.sana.sy\/es\/index.php?rest_route=\/wp\/v2\/types\/post"}],"author":[{"embeddable":true,"href":"https:\/\/archive.sana.sy\/es\/index.php?rest_route=\/wp\/v2\/users\/39"}],"replies":[{"embeddable":true,"href":"https:\/\/archive.sana.sy\/es\/index.php?rest_route=%2Fwp%2Fv2%2Fcomments&post=226729"}],"version-history":[{"count":0,"href":"https:\/\/archive.sana.sy\/es\/index.php?rest_route=\/wp\/v2\/posts\/226729\/revisions"}],"wp:featuredmedia":[{"embeddable":true,"href":"https:\/\/archive.sana.sy\/es\/index.php?rest_route=\/wp\/v2\/media\/226731"}],"wp:attachment":[{"href":"https:\/\/archive.sana.sy\/es\/index.php?rest_route=%2Fwp%2Fv2%2Fmedia&parent=226729"}],"wp:term":[{"taxonomy":"category","embeddable":true,"href":"https:\/\/archive.sana.sy\/es\/index.php?rest_route=%2Fwp%2Fv2%2Fcategories&post=226729"},{"taxonomy":"post_tag","embeddable":true,"href":"https:\/\/archive.sana.sy\/es\/index.php?rest_route=%2Fwp%2Fv2%2Ftags&post=226729"}],"curies":[{"name":"wp","href":"https:\/\/api.w.org\/{rel}","templated":true}]}}