{"id":226744,"date":"2022-04-01T11:30:20","date_gmt":"2022-04-01T08:30:20","guid":{"rendered":"http:\/\/107.6.182.27\/es\/?p=226744"},"modified":"2023-01-10T14:18:59","modified_gmt":"2023-01-10T12:18:59","slug":"canciller-al-mekdad-recibe-al-embajador-de-la-india-en-siria-con-ocasion-del-fin-de-su-mision","status":"publish","type":"post","link":"https:\/\/archive.sana.sy\/es\/?p=226744","title":{"rendered":"Canciller Al-Mekdad recibe al embajador de la India en Siria con ocasi\u00f3n del fin de su misi\u00f3n"},"content":{"rendered":"<p style=\"text-align: justify;\"><span style=\"color: #800000;\"><strong>Damasco, 01 abr (SANA)\u00a0<\/strong> <\/span>El ministro de Exteriores y Expatriados, Faisal Al-Mekdad, recibi\u00f3 al embajador de la Rep\u00fablica de la India en Damasco, Mahinder Singh Kanyal, con ocasi\u00f3n del fin de sus funciones como Embajador de su pa\u00eds en la Rep\u00fablica \u00c1rabe Siria.<\/p>\n<p style=\"text-align: justify;\">Durante la reuni\u00f3n, el ministro Meqdad destac\u00f3 la importancia de las relaciones entre Siria e India, elogiando el desarrollo de estas relaciones bilaterales entre los dos pa\u00edses.<\/p>\n<p style=\"text-align: justify;\">Expres\u00f3 su agradecimiento por los esfuerzos del embajador Kanyal para desarrollar las relaciones sirio-indias en todas las \u00e1reas, particularmente en el \u00e1mbito econ\u00f3mico.<\/p>\n<p style=\"text-align: justify;\">\u201cEl embajador Kanyal era un amigo leal de Siria e hizo bien su trabajo\u201d, expres\u00f3 el Canciller.<\/p>\n<p style=\"text-align: justify;\">Resalt\u00f3 su aprecio por la India, que mantuvo buenas relaciones con Siria en los \u00faltimos a\u00f1os, y expres\u00f3 la continua profundizaci\u00f3n de estas relaciones en todos los campos pol\u00edticos, econ\u00f3micos, comerciales y culturales.<\/p>\n<p style=\"text-align: justify;\">Por su parte, el embajador Kanyal destac\u00f3 el inter\u00e9s de la India por fortalecer sus relaciones con Siria y desarrollar perspectivas de cooperaci\u00f3n conjunta, particularmente en el aspecto comercial y econ\u00f3mico, en inter\u00e9s com\u00fan de los dos pa\u00edses y pueblos amigos.<\/p>\n<p style=\"text-align: justify;\">\u201cAgradezco enormemente la asistencia y cooperaci\u00f3n ofrecidos por las autoridades sirias durante el complimiento de mi misi\u00f3n en este pa\u00eds\u201d, expres\u00f3 Kanyal.<\/p>\n<p style=\"text-align: justify;\">En el mismo contexto, el Embajador indio manifest\u00f3 su agradecimiento y aprecio al gobierno y al pueblo sirios por la hospitalidad que recibi\u00f3 a lo largo de su trabajo.<\/p>\n<p style=\"text-align: justify;\">Expres\u00f3 su esperanza de que la seguridad, estabilidad y paz prevalezcan en Siria.<\/p>\n<p style=\"text-align: justify;\">ah\/fm\/sm<\/p>\n","protected":false},"excerpt":{"rendered":"<p>Damasco, 01 abr (SANA)\u00a0 El ministro de Exteriores y Expatriados, Faisal Al-Mekdad, recibi\u00f3 al embajador de la Rep\u00fablica de la India en Damasco, Mahinder Singh Kanyal, con ocasi\u00f3n del fin de sus funciones como Embajador de su pa\u00eds en la Rep\u00fablica \u00c1rabe Siria. Durante la reuni\u00f3n, el ministro Meqdad destac\u00f3 la importancia de las relaciones &hellip;<\/p>\n","protected":false},"author":39,"featured_media":226745,"comment_status":"closed","ping_status":"closed","sticky":false,"template":"","format":"standard","meta":{"footnotes":""},"categories":[447,477,597,457,467,7541],"tags":[],"class_list":["post-226744","post","type-post","status-publish","format-standard","has-post-thumbnail","","category-local-politica","category-noticias-edulcorantes","category-cinta-de-noticias","category-noticias-arabe-internacional-politica","category-siria-y-el-mundo","category-ultimas-noticias"],"_links":{"self":[{"href":"https:\/\/archive.sana.sy\/es\/index.php?rest_route=\/wp\/v2\/posts\/226744"}],"collection":[{"href":"https:\/\/archive.sana.sy\/es\/index.php?rest_route=\/wp\/v2\/posts"}],"about":[{"href":"https:\/\/archive.sana.sy\/es\/index.php?rest_route=\/wp\/v2\/types\/post"}],"author":[{"embeddable":true,"href":"https:\/\/archive.sana.sy\/es\/index.php?rest_route=\/wp\/v2\/users\/39"}],"replies":[{"embeddable":true,"href":"https:\/\/archive.sana.sy\/es\/index.php?rest_route=%2Fwp%2Fv2%2Fcomments&post=226744"}],"version-history":[{"count":0,"href":"https:\/\/archive.sana.sy\/es\/index.php?rest_route=\/wp\/v2\/posts\/226744\/revisions"}],"wp:featuredmedia":[{"embeddable":true,"href":"https:\/\/archive.sana.sy\/es\/index.php?rest_route=\/wp\/v2\/media\/226745"}],"wp:attachment":[{"href":"https:\/\/archive.sana.sy\/es\/index.php?rest_route=%2Fwp%2Fv2%2Fmedia&parent=226744"}],"wp:term":[{"taxonomy":"category","embeddable":true,"href":"https:\/\/archive.sana.sy\/es\/index.php?rest_route=%2Fwp%2Fv2%2Fcategories&post=226744"},{"taxonomy":"post_tag","embeddable":true,"href":"https:\/\/archive.sana.sy\/es\/index.php?rest_route=%2Fwp%2Fv2%2Ftags&post=226744"}],"curies":[{"name":"wp","href":"https:\/\/api.w.org\/{rel}","templated":true}]}}