{"id":226765,"date":"2022-04-01T19:00:12","date_gmt":"2022-04-01T16:00:12","guid":{"rendered":"http:\/\/107.6.182.27\/es\/?p=226765"},"modified":"2023-01-10T16:35:25","modified_gmt":"2023-01-10T14:35:25","slug":"putin-encabeza-reunion-para-tratar-prevenir-y-eliminar-las-amenazas-en-el-campo-de-la-seguridad-interna","status":"publish","type":"post","link":"https:\/\/archive.sana.sy\/es\/?p=226765","title":{"rendered":"Putin encabeza reuni\u00f3n para tratar prevenir y eliminar las amenazas en el campo de la seguridad interna"},"content":{"rendered":"<p style=\"text-align: justify;\"><span style=\"color: #800000;\"><strong>Mosc\u00fa, 01 abr (SANA)\u00a0 \u00a0<\/strong><\/span>El presidente ruso, Vladimir Putin, discuti\u00f3 este viernes con los miembros permanentes del Consejo de Seguridad de Rusia, la erradicaci\u00f3n de las amenazas existentes a nivel de seguridad interna.<\/p>\n<p style=\"text-align: justify;\">\u201cPlaneamos discutir el tema de las medidas adicionales destinadas a prevenir y eliminar las amenazas en el campo de la seguridad interna\u201d, dijo el mandatario en su reuni\u00f3n con el Consejo.<\/p>\n<p style=\"text-align: justify;\">Esto ocurre en el contexto de informes de que dos helic\u00f3pteros del ej\u00e9rcito ucraniano bombardearon un dep\u00f3sito de petr\u00f3leo en la ciudad rusa de B\u00e9lgorod, lo que provoc\u00f3 un incendio y heridas a dos personas.<\/p>\n<p style=\"text-align: justify;\">rr\/fm<\/p>\n","protected":false},"excerpt":{"rendered":"<p>Mosc\u00fa, 01 abr (SANA)\u00a0 \u00a0El presidente ruso, Vladimir Putin, discuti\u00f3 este viernes con los miembros permanentes del Consejo de Seguridad de Rusia, la erradicaci\u00f3n de las amenazas existentes a nivel de seguridad interna. \u201cPlaneamos discutir el tema de las medidas adicionales destinadas a prevenir y eliminar las amenazas en el campo de la seguridad interna\u201d, &hellip;<\/p>\n","protected":false},"author":31,"featured_media":226766,"comment_status":"closed","ping_status":"closed","sticky":false,"template":"","format":"standard","meta":{"footnotes":""},"categories":[456],"tags":[],"class_list":["post-226765","post","type-post","status-publish","format-standard","has-post-thumbnail","","category-arabe-internacional-politica"],"_links":{"self":[{"href":"https:\/\/archive.sana.sy\/es\/index.php?rest_route=\/wp\/v2\/posts\/226765"}],"collection":[{"href":"https:\/\/archive.sana.sy\/es\/index.php?rest_route=\/wp\/v2\/posts"}],"about":[{"href":"https:\/\/archive.sana.sy\/es\/index.php?rest_route=\/wp\/v2\/types\/post"}],"author":[{"embeddable":true,"href":"https:\/\/archive.sana.sy\/es\/index.php?rest_route=\/wp\/v2\/users\/31"}],"replies":[{"embeddable":true,"href":"https:\/\/archive.sana.sy\/es\/index.php?rest_route=%2Fwp%2Fv2%2Fcomments&post=226765"}],"version-history":[{"count":0,"href":"https:\/\/archive.sana.sy\/es\/index.php?rest_route=\/wp\/v2\/posts\/226765\/revisions"}],"wp:featuredmedia":[{"embeddable":true,"href":"https:\/\/archive.sana.sy\/es\/index.php?rest_route=\/wp\/v2\/media\/226766"}],"wp:attachment":[{"href":"https:\/\/archive.sana.sy\/es\/index.php?rest_route=%2Fwp%2Fv2%2Fmedia&parent=226765"}],"wp:term":[{"taxonomy":"category","embeddable":true,"href":"https:\/\/archive.sana.sy\/es\/index.php?rest_route=%2Fwp%2Fv2%2Fcategories&post=226765"},{"taxonomy":"post_tag","embeddable":true,"href":"https:\/\/archive.sana.sy\/es\/index.php?rest_route=%2Fwp%2Fv2%2Ftags&post=226765"}],"curies":[{"name":"wp","href":"https:\/\/api.w.org\/{rel}","templated":true}]}}