{"id":226784,"date":"2022-04-01T15:45:35","date_gmt":"2022-04-01T12:45:35","guid":{"rendered":"http:\/\/107.6.182.27\/es\/?p=226784"},"modified":"2023-01-10T16:35:25","modified_gmt":"2023-01-10T14:35:25","slug":"defensa-rusa-ofrece-detalles-sobre-ataque-ucraniano-contra-ciudad-rusa-de-belgorod","status":"publish","type":"post","link":"https:\/\/archive.sana.sy\/es\/?p=226784","title":{"rendered":"Defensa rusa ofrece detalles sobre ataque ucraniano contra ciudad rusa de B\u00e9lgorod"},"content":{"rendered":"<p style=\"text-align: justify;\"><span style=\"color: #800000;\"><strong>Mosc\u00fa, 01 abr (SANA)<\/strong><\/span>\u00a0 \u00a0Alrededor de las 5:00 am, hora de Mosc\u00fa, de este 1 de abril, dos helic\u00f3pteros Mi-24 ucranianos ingresaron al espacio a\u00e9reo de la Federaci\u00f3n Rusa a una altura extremadamente baja.<\/p>\n<p style=\"text-align: justify;\">Los helic\u00f3pteros lanzaron un ataque con misiles contra una instalaci\u00f3n civil de almacenamiento de petr\u00f3leo ubicada en las afueras de la ciudad de B\u00e9lgorod, y como resultado del impacto de los misiles, los tanques resultaron da\u00f1ados y se incendiaron.<\/p>\n<p style=\"text-align: justify;\">Esta instalaci\u00f3n solo abastec\u00eda de combustible a los medios de transporte civil y la granja de los tanques no tiene nada que ver con las fuerzas armadas rusas.<\/p>\n<p style=\"text-align: justify;\">fm\/rr<\/p>\n","protected":false},"excerpt":{"rendered":"<p>Mosc\u00fa, 01 abr (SANA)\u00a0 \u00a0Alrededor de las 5:00 am, hora de Mosc\u00fa, de este 1 de abril, dos helic\u00f3pteros Mi-24 ucranianos ingresaron al espacio a\u00e9reo de la Federaci\u00f3n Rusa a una altura extremadamente baja. Los helic\u00f3pteros lanzaron un ataque con misiles contra una instalaci\u00f3n civil de almacenamiento de petr\u00f3leo ubicada en las afueras de la &hellip;<\/p>\n","protected":false},"author":31,"featured_media":226785,"comment_status":"closed","ping_status":"closed","sticky":false,"template":"","format":"standard","meta":{"footnotes":""},"categories":[456,7541],"tags":[],"class_list":["post-226784","post","type-post","status-publish","format-standard","has-post-thumbnail","","category-arabe-internacional-politica","category-ultimas-noticias"],"_links":{"self":[{"href":"https:\/\/archive.sana.sy\/es\/index.php?rest_route=\/wp\/v2\/posts\/226784"}],"collection":[{"href":"https:\/\/archive.sana.sy\/es\/index.php?rest_route=\/wp\/v2\/posts"}],"about":[{"href":"https:\/\/archive.sana.sy\/es\/index.php?rest_route=\/wp\/v2\/types\/post"}],"author":[{"embeddable":true,"href":"https:\/\/archive.sana.sy\/es\/index.php?rest_route=\/wp\/v2\/users\/31"}],"replies":[{"embeddable":true,"href":"https:\/\/archive.sana.sy\/es\/index.php?rest_route=%2Fwp%2Fv2%2Fcomments&post=226784"}],"version-history":[{"count":0,"href":"https:\/\/archive.sana.sy\/es\/index.php?rest_route=\/wp\/v2\/posts\/226784\/revisions"}],"wp:featuredmedia":[{"embeddable":true,"href":"https:\/\/archive.sana.sy\/es\/index.php?rest_route=\/wp\/v2\/media\/226785"}],"wp:attachment":[{"href":"https:\/\/archive.sana.sy\/es\/index.php?rest_route=%2Fwp%2Fv2%2Fmedia&parent=226784"}],"wp:term":[{"taxonomy":"category","embeddable":true,"href":"https:\/\/archive.sana.sy\/es\/index.php?rest_route=%2Fwp%2Fv2%2Fcategories&post=226784"},{"taxonomy":"post_tag","embeddable":true,"href":"https:\/\/archive.sana.sy\/es\/index.php?rest_route=%2Fwp%2Fv2%2Ftags&post=226784"}],"curies":[{"name":"wp","href":"https:\/\/api.w.org\/{rel}","templated":true}]}}