{"id":226790,"date":"2022-04-01T19:40:17","date_gmt":"2022-04-01T16:40:17","guid":{"rendered":"http:\/\/107.6.182.27\/es\/?p=226790"},"modified":"2022-04-02T13:37:01","modified_gmt":"2022-04-02T10:37:01","slug":"agencia-sana-se-suma-a-maraton-mediatico-contra-injusto-bloqueo-de-estados-unidos","status":"publish","type":"post","link":"https:\/\/archive.sana.sy\/es\/?p=226790","title":{"rendered":"Agencia SANA se suma a marat\u00f3n medi\u00e1tico contra injusto bloqueo de Estados Unidos"},"content":{"rendered":"<p style=\"text-align: justify;\"><span style=\"color: #800000;\"><strong>Damasco, 01 abr (SANA)<\/strong><\/span>\u00a0 \u00a0La Agencia \u00c1rabe Siria de Noticias (SANA) se suma al marat\u00f3n medi\u00e1tico de condena y rechazo al bloqueo impuesto a Cuba y las medidas coercitivas unilaterales impuestas a Siria, Rusia, Ir\u00e1n, Venezuela y otras naciones.<\/p>\n<p style=\"text-align: justify;\">En la jornada, participan decenas de medios informativos de diferentes pa\u00edses, adem\u00e1s de asociaciones pol\u00edticas y sindicales y destacadas figuras.<\/p>\n<p style=\"text-align: justify;\">Durante el marat\u00f3n que durar\u00e1 los d\u00edas 2 y 3 de este mes de abril, se unir\u00e1n las voces a nivel mundial para desenmascarar la pol\u00edtica agresiva e injusta de las administraciones estadounidenses contra pueblos que defienden su soberan\u00eda y su derecho a la vida y rechazan ser sometidos a la pol\u00edtica de Estados Unidos y sus aliados.<\/p>\n<p style=\"text-align: justify;\">SANA en Espa\u00f1ol solidaria y siempre con la verdad<\/p>\n<p style=\"text-align: justify;\">Medios informativos, figuras y asociaciones sindicales y pol\u00edticas que participaron en el evento:<\/p>\n<p style=\"text-align: justify;\"><span style=\"color: #0000ff;\"><strong>Medios informativos<\/strong><\/span><\/p>\n<ul>\n<li>Agencia \u00c1rabe Siria de Noticias (SANA)<\/li>\n<li>Prensa Latina<\/li>\n<li>TeleSUR<\/li>\n<li>Hispantv<\/li>\n<li>Al Mayadeen<\/li>\n<li>Sputnik<\/li>\n<li>Cubavisi\u00f3n Internacional<\/li>\n<li>ANTV Canal de la Asamblea Nacional de Venezuela<\/li>\n<li>Andaluzia TV<\/li>\n<li>TV Ciudad Libre Brasilia<\/li>\n<li>Club Argentino de Periodistas Amigos de Cuba<\/li>\n<li>Ecos del 56 TV Costa Rica<\/li>\n<li>I-C Press (International Congo Press)<\/li>\n<li>Ziana TV (Congo)<\/li>\n<li>Brazza-Paris Infos<\/li>\n<li>Tsimou TV<\/li>\n<li>Blogue TLR TV<\/li>\n<li>Zarote . TV<\/li>\n<li>Canal &#8220;Televisi\u00f3n Sovi\u00e9tica&#8221;<\/li>\n<li>Internet TV &#8221; Len . ru&#8221;<\/li>\n<li>Ucrania.ru\u00a0 Pertenece a la agencia de noticias RT (es la antigua agencia RIA NOVOSTI).<\/li>\n<li>MNG TV (Congo)<\/li>\n<li>La Radio del Sur<\/li>\n<li>Radio COCO<\/li>\n<li>Radio y TV Provincial de Neuqu\u00e9n (Patagonia) + de 45 emisoras de radios provinciales<\/li>\n<li>Radio Tv Armaged\u00f3n (Per\u00fa)<\/li>\n<li>Radio Voces Latinas CHHA 1610 AM &#8211; Toronto.<\/li>\n<li>Radio Rebelde<\/li>\n<li>Radio Reloj<\/li>\n<li>Radio Habana Cuba<\/li>\n<li>Radio Ta\u00edno<\/li>\n<li>Radio Progreso<\/li>\n<li>Radio Guant\u00e1namo<\/li>\n<li>Radi\u00f3polis (Espa\u00f1a)<\/li>\n<li>YcodenDaute Radio (Canarias)<\/li>\n<li>Radio Izquierda<\/li>\n<li>Radio Revoluci\u00f3n<\/li>\n<li>Radio Guiniguada (Canarias)<\/li>\n<li>Red Radio, (Rusia)<\/li>\n<li>Radio Altahay (Lanzarote)<\/li>\n<li>Soy Asamblea Radio<\/li>\n<li>Radio Futura (Argentina)<\/li>\n<li>Radio Granma (Italia)<\/li>\n<li>Radio Mamb\u00ed (Italia)<\/li>\n<li>MNG Radio (Congo)<\/li>\n<li>Radio con Aguante (Argentina)<\/li>\n<li>Radio FM Punta Indio<\/li>\n<li>FM Horizonte Tucum\u00e1n<\/li>\n<li>Radio Universidad Nacinal de Rosario<\/li>\n<li>Prensa Latina<\/li>\n<li>Revista Bohemia<\/li>\n<li>Resumen Latinoamericano<\/li>\n<li>Rusia Sovi\u00e9tica<\/li>\n<li>Correo del Alba<\/li>\n<li>Peri\u00f3dico Trabajadores<\/li>\n<li>La Voz de Mor\u00f3n (Andaluc\u00eda)<\/li>\n<li>Cubainformaci\u00f3n<\/li>\n<li>La Otra Andaluc\u00eda<\/li>\n<li>Peri\u00f3dico Libertad Costa Rica<\/li>\n<li>Prensa Nacional del Congo<\/li>\n<li>La Verdad de Lanzarote.<\/li>\n<li>Elcanario . net<\/li>\n<li>Rusia Literaria<\/li>\n<li>The Canada Files<\/li>\n<li>P\u00e1gina 12<\/li>\n<\/ul>\n<p style=\"text-align: justify;\"><span style=\"color: #0000ff;\"><strong>Asociaciones<\/strong><\/span><\/p>\n<ul style=\"text-align: justify;\">\n<li>Agir Contre le Colonialisme Aujourd\u00b4hui (ACCA)<\/li>\n<li>Asociaci\u00f3n Francia Cuba<\/li>\n<li>Asociaci\u00f3n Cuba Cooperation France<\/li>\n<li>Asociaci\u00f3n Cuba S\u00ed<\/li>\n<li>Asociaci\u00f3n Cuba Linda<\/li>\n<li>Asociaci\u00f3n Cuba Va<\/li>\n<li>Asociaci\u00f3n Viva Cuba<\/li>\n<li>Asociaci\u00f3n Madres de la Plaza de Mayo<\/li>\n<li>Asociaci\u00f3n Valenciana de Amistad con Cuba &#8220;Jos\u00e9 Mart\u00ed&#8221;<\/li>\n<li>Coordinadora de Cubanos Residentes en Francia<\/li>\n<li>Asoc de Solidaridad de Galicia &#8220;Francisco Villamil&#8221;<\/li>\n<li>Asociaci\u00f3n de Solidaridad con Cuba &#8220;M\u00e1ximo Tornet&#8221; (Huelva)<\/li>\n<li>Asociaci\u00f3n cultural Para un Pr\u00edncipe Enano<\/li>\n<li>Asociaci\u00f3n de Amistad Hispanocubana Bartolom\u00e9 de las Casas de Sevilla<\/li>\n<li>Defensem Cuba- Plataforma catalana de solidaridad con Cuba,<\/li>\n<li>Federaci\u00f3n de Asociaciones de Cubanos Residentes en Espa\u00f1a (FACRE)<\/li>\n<li>Sociedad Rusa de Amistad con Cuba<\/li>\n<li>Casal D\u00b4Amistat Amb Cuba de Badalona<\/li>\n<li>Fundaci\u00f3n Fidel Castro de Rusia.<\/li>\n<li>Red Latinoamericana y Caribe\u00f1a de Solidaridad con Cuba<\/li>\n<li>Asociaci\u00f3n de Cubanos en Catalu\u00f1a<\/li>\n<li>Asociaci\u00f3n Cultural 100% Cubanos de Asturias<\/li>\n<li>Asociaci\u00f3n Cultural del Sur de Espa\u00f1a &#8220;La Avellaneda&#8221;<\/li>\n<li>Asociaci\u00f3n de Cubanos Residentes en Andaluc\u00eda &#8220;Tocororo&#8221;<\/li>\n<li>Asociaci\u00f3n de Amistad Canario-Cubana &#8220;Jos\u00e9 Mart\u00ed&#8221;<\/li>\n<li>Presidencia del Colegio de Abogados de Honduras<\/li>\n<li>Grupo de Solidaridad de Angola<\/li>\n<li>Colectivo 26 de Julio (Madrid)<\/li>\n<li>CONAICOP<\/li>\n<li>Asociaci\u00f3n de Amistad Serbio-Cubana de Belgrado<\/li>\n<li>Mov. Argentino de Solidaridad con Cuba<\/li>\n<li>Conselho Portugu\u00eas para a Paz e Coopera\u00e7\u00e3o<\/li>\n<li>Casa de Amistad Argentino Cubana de Buenos Aires<\/li>\n<li>Plataforma de la Clase Obrera Antiimperialista (PCOA)<\/li>\n<li>Grupo Bariloche de Solidaridad con Cuba (Patagonia. Argentina)<\/li>\n<li>Asociaci\u00f3n Nacional de Amistad Italia Cuba<\/li>\n<li>Escuela L\u00f3gico-Hist\u00f3rica (Grecia) Dimitrios Patelis<\/li>\n<li>Comit\u00e9 Ruso para la Eliminaci\u00f3n del Bloqueo<\/li>\n<li>Grupo Mamb\u00ed Internacionalista (Italia)<\/li>\n<li>Comit\u00e9 de defensa de Cuba en S\u00e3o Paulo<\/li>\n<li>Movimiento Estatal de Solidaridad con Cuba (MESC) (Estado espa\u00f1ol)<\/li>\n<li>Australia Solidarity with Latin America<\/li>\n<li>Casa Museo Schafik H\u00e1ndal, de El Salvador<\/li>\n<li>AELAC, Asoc. De Educadores de America Latina y el Caribe, capitulo Argentina<\/li>\n<li>CEBRAPAZ- Centro Brasileiro de Solidariedade e luta pela Paz<\/li>\n<li>ACJM Asociaci\u00f3n Cultural Jos\u00e9 Mart\u00ed (Brasil)<\/li>\n<li>MBSC Movimento Brasileiro de Solidaridade com Cuba.<\/li>\n<li>Coordinadora Mexicana de Solidaridad con Venezuela (M\u00e9xico)<\/li>\n<li>Descamisados (Argentina)<\/li>\n<li>Movimiento Feminista de Mujeres Diversas &#8211; M\u00e9xico<\/li>\n<li>OMAC, Observatorio Mar\u00edtimo Canario<\/li>\n<li>IFCO\/Pastors for Peace<\/li>\n<\/ul>\n<p style=\"text-align: justify;\"><span style=\"color: #0000ff;\"><strong>Organizaciones sindicales<\/strong><\/span><\/p>\n<ul style=\"text-align: justify;\">\n<li>Federaci\u00f3n Sindical Mundial (FSM)<\/li>\n<li>CTC Cuba<\/li>\n<li>Sindicato Nacional de los Trabajadores de la Educaci\u00f3n, la Ciencia y los Deportes. (Cuba)<\/li>\n<li>CGT (Ferroviarios)<\/li>\n<li>FENPROF Federaci\u00f3n Nacional de los Professores &#8211; Portugal<\/li>\n<\/ul>\n<p style=\"text-align: justify;\"><span style=\"color: #0000ff;\"><strong>Organizaciones pol\u00edticas<\/strong><\/span><\/p>\n<ul style=\"text-align: justify;\">\n<li>Francia Insumisa<\/li>\n<li>Movimiento al Socialismo (Bolivia) en Europa MAS<\/li>\n<li>Partido Comunista de Espa\u00f1a<\/li>\n<li>Partido Comunista de los Pueblos de Espa\u00f1a<\/li>\n<li>Naci\u00f3n Andaluza (grupo pol\u00edtico)<\/li>\n<li>Partido Convergencia Socialista de Italia<\/li>\n<li>Partido Comunista de Argentina<\/li>\n<li>Partido Comunista de la Federaci\u00f3n de Rusia<\/li>\n<li>Partido HADASH Comunista de Israel<\/li>\n<li>Partido Popular Socialista de Mexico<\/li>\n<li>Partido del Trabajo de B\u00e9lgica<\/li>\n<li>Nuevo Partido Comunista de Yugoslavia.<\/li>\n<li>Liga de la Juventud Comunista de Yugoslavia<\/li>\n<li>Partido Vanguardia Popular de Costa Rica<\/li>\n<li>Juventud Vanguardista Costarricense<\/li>\n<li>CMIC, Colectivo de Mujeres Independentistas de Canarias,<\/li>\n<li>FVL, Fuerza Vecinal de Lanzarote,<\/li>\n<li>MLNC, Movimiento de Liberaci\u00f3n Nacional Canario, ,<\/li>\n<li>TEG, Tagoror Espiritual Guanche,<\/li>\n<li>USC, Uni\u00f3n Soberanista Canaria.<\/li>\n<li>JCPE. Juventud Comunista de los Pueblos de Espa\u00f1a.<\/li>\n<li>Partido Comunista de Alemania<\/li>\n<li>Movimiento Unidad, Democracia y Paz (Colombia)<\/li>\n<li>Movimiento Colombiano de de Solidaridad con los Pueblos y Gobiernos del Alba (Colombia)<\/li>\n<li>Movimiento Art\u00edstico y Cultural<\/li>\n<li>Partido Comunista do Brasil<\/li>\n<li>Partido de la Izquierda Europea<\/li>\n<li>Farabundo Mart\u00ed para la Liberaci\u00f3n Nacional FMLN<\/li>\n<\/ul>\n<p style=\"text-align: justify;\"><span style=\"color: #0000ff;\"><strong>Medios en las redes<\/strong><\/span><\/p>\n<ul style=\"text-align: justify;\">\n<li>Data Urgente<\/li>\n<li>Konstantin Semin,<\/li>\n<li>Yevgeny spitsyn.<\/li>\n<li>Dani Devita, Argentina<\/li>\n<li>Ra\u00fal Capote, desde Cuba<\/li>\n<li>Canal del Colettivo Cuba Va (Italia)<\/li>\n<li>Cuba Soberana (Lisboa)<\/li>\n<li>Canal Cuba Va (Carel Kantelar desde Canad\u00e1 y Alejandro, desde Irlanda)<\/li>\n<li>Canal La esquina roja (Gilo Fezzo, desde Cuba)<\/li>\n<li>Daniel Palencia, desde Argentina<\/li>\n<li>Alex con Cuban\u00eda y Religi\u00f3n desde Ecuador<\/li>\n<li>La tarde se mueve (EU)<\/li>\n<li>Lo que pica el Pollo (EU)<\/li>\n<li>Canal de Santiago Mustelier Zamora<\/li>\n<li>Viktoria<\/li>\n<li>Plataforma de Africanos.<\/li>\n<li>Siempre con Cuba<\/li>\n<li>La Pupila Insomne<\/li>\n<\/ul>\n<p style=\"text-align: justify;\"><span style=\"color: #0000ff;\"><strong>Personalidades<\/strong><\/span><\/p>\n<ul style=\"text-align: justify;\">\n<li>Apoyo especial de los pintores cubanos<\/li>\n<li>Lorenzo Padilla,<\/li>\n<li>Jos\u00e9 Luis Fari\u00f1as y<\/li>\n<li>Luis Alberto Ruiz Saavedra.<\/li>\n<li>Sandra Correa Le\u00f3n, Ex Ministra de Educaci\u00f3n de Ecuador.<\/li>\n<li>Fran\u00e7ois-Michel Lambert. Presidente del Grupo de Amistad Francia Cuba de la Asamblea Nacional Francesa.<\/li>\n<li>Atilio Bor\u00f3n.<\/li>\n<li>Luis Toledo Sande.<\/li>\n<li>Leyde Ernesto Rodr\u00edguez Hern\u00e1ndez.<\/li>\n<li>Manu Pineda. Eurodiputado.<\/li>\n<li>Kari Kreen.<\/li>\n<li>Francisco Mart\u00ednez, Diputado del Partido Socialista \u00danico de Venezuela (PSUV)<\/li>\n<li>Carlos Serpa Maceira.<\/li>\n<li>Ra\u00fal Antonio Capote Hern\u00e1ndez..<\/li>\n<li>Gerardo Hern\u00e1ndez Nordelo<\/li>\n<li>Ren\u00e9 Gonz\u00e1lez Sehwerert<\/li>\n<li>Enrique Ubieta G\u00f3mez.<\/li>\n<li>Juana Garc\u00eda Ab\u00e1s.<\/li>\n<li>Stella Manuela Juliana Calloni Leguizam\u00f3n.<\/li>\n<li>Hebe Mar\u00eda Pastor de Bonafini<\/li>\n<li>Hernando Calvo Ospina.<\/li>\n<li>Teresa de la Caridad Melo Rodr\u00edguez<\/li>\n<li>Mois\u00e9s Rodr\u00edguez Quesada.<\/li>\n<li>Carlos Tablada P\u00e9rez.<\/li>\n<li>Maurice Lemoine.<\/li>\n<li>Fernando Buen Abad.<\/li>\n<li>Mart\u00edn Almada, Premio Nobel Alternativo de La Paz y Miembro del Comit\u00e9 Ejecutivo de la Asoc AMERICANA DE JURISTAS (AAJ)<\/li>\n<li>Ra\u00fal Torres &#8211; M\u00fasico y cantante cubano.<\/li>\n<li>Costas Isychos, ex Ministro de Defensa.\u00a0 REDH GRIEGA.<\/li>\n<li>Iroel S\u00e1nchez<\/li>\n<li>Sargento Garc\u00eda (cantante franco-espa\u00f1ol)<\/li>\n<\/ul>\n<p style=\"text-align: justify;\">fm\/rr\/sm<\/p>\n","protected":false},"excerpt":{"rendered":"<p>Damasco, 01 abr (SANA)\u00a0 \u00a0La Agencia \u00c1rabe Siria de Noticias (SANA) se suma al marat\u00f3n medi\u00e1tico de condena y rechazo al bloqueo impuesto a Cuba y las medidas coercitivas unilaterales impuestas a Siria, Rusia, Ir\u00e1n, Venezuela y otras naciones. En la jornada, participan decenas de medios informativos de diferentes pa\u00edses, adem\u00e1s de asociaciones pol\u00edticas y &hellip;<\/p>\n","protected":false},"author":31,"featured_media":226794,"comment_status":"closed","ping_status":"closed","sticky":false,"template":"","format":"standard","meta":{"footnotes":""},"categories":[597,476,467,583],"tags":[],"class_list":["post-226790","post","type-post","status-publish","format-standard","has-post-thumbnail","","category-cinta-de-noticias","category-locales","category-siria-y-el-mundo","category-slide"],"_links":{"self":[{"href":"https:\/\/archive.sana.sy\/es\/index.php?rest_route=\/wp\/v2\/posts\/226790"}],"collection":[{"href":"https:\/\/archive.sana.sy\/es\/index.php?rest_route=\/wp\/v2\/posts"}],"about":[{"href":"https:\/\/archive.sana.sy\/es\/index.php?rest_route=\/wp\/v2\/types\/post"}],"author":[{"embeddable":true,"href":"https:\/\/archive.sana.sy\/es\/index.php?rest_route=\/wp\/v2\/users\/31"}],"replies":[{"embeddable":true,"href":"https:\/\/archive.sana.sy\/es\/index.php?rest_route=%2Fwp%2Fv2%2Fcomments&post=226790"}],"version-history":[{"count":0,"href":"https:\/\/archive.sana.sy\/es\/index.php?rest_route=\/wp\/v2\/posts\/226790\/revisions"}],"wp:featuredmedia":[{"embeddable":true,"href":"https:\/\/archive.sana.sy\/es\/index.php?rest_route=\/wp\/v2\/media\/226794"}],"wp:attachment":[{"href":"https:\/\/archive.sana.sy\/es\/index.php?rest_route=%2Fwp%2Fv2%2Fmedia&parent=226790"}],"wp:term":[{"taxonomy":"category","embeddable":true,"href":"https:\/\/archive.sana.sy\/es\/index.php?rest_route=%2Fwp%2Fv2%2Fcategories&post=226790"},{"taxonomy":"post_tag","embeddable":true,"href":"https:\/\/archive.sana.sy\/es\/index.php?rest_route=%2Fwp%2Fv2%2Ftags&post=226790"}],"curies":[{"name":"wp","href":"https:\/\/api.w.org\/{rel}","templated":true}]}}