{"id":226798,"date":"2022-04-01T22:13:33","date_gmt":"2022-04-01T19:13:33","guid":{"rendered":"http:\/\/107.6.182.27\/es\/?p=226798"},"modified":"2023-01-10T16:35:24","modified_gmt":"2023-01-10T14:35:24","slug":"ejercito-ruso-realiza-maniobras-militares-en-las-islas-kuriles","status":"publish","type":"post","link":"https:\/\/archive.sana.sy\/es\/?p=226798","title":{"rendered":"Ej\u00e9rcito ruso realiza maniobras militares en las Islas Kuriles"},"content":{"rendered":"<p style=\"text-align: justify;\"><span style=\"color: #800000;\"><strong>Mosc\u00fa, 01 abr (SANA)\u00a0 \u00a0<\/strong><\/span>El Ministerio de Defensa ruso anunci\u00f3 este viernes que m\u00e1s de mil soldados del distrito militar oriental realizaron ejercicios en las Islas Kuriles, lanzando proyectiles de artiller\u00eda y sistemas de misiles antitanque.<\/p>\n<p style=\"text-align: justify;\">\u201cM\u00e1s de mil soldados de las fuerzas de Defensa A\u00e9rea y alrededor de 200 unidades de equipo b\u00e9lico participaron en los entrenamientos de combate en las Islas Kuriles\u201d, anunci\u00f3 el Ministerio.<\/p>\n<p style=\"text-align: justify;\">Durante las maniobras, las fuerzas rusas realizan entrenamiento de combate al uso de la guerra electr\u00f3nica y armas de destrucci\u00f3n masiva por parte del enemigo, as\u00ed como repeler un ataque de aviones no tripulados.<\/p>\n<p style=\"text-align: justify;\">rr\/fm<\/p>\n","protected":false},"excerpt":{"rendered":"<p>Mosc\u00fa, 01 abr (SANA)\u00a0 \u00a0El Ministerio de Defensa ruso anunci\u00f3 este viernes que m\u00e1s de mil soldados del distrito militar oriental realizaron ejercicios en las Islas Kuriles, lanzando proyectiles de artiller\u00eda y sistemas de misiles antitanque. \u201cM\u00e1s de mil soldados de las fuerzas de Defensa A\u00e9rea y alrededor de 200 unidades de equipo b\u00e9lico participaron &hellip;<\/p>\n","protected":false},"author":31,"featured_media":226799,"comment_status":"closed","ping_status":"closed","sticky":false,"template":"","format":"standard","meta":{"footnotes":""},"categories":[456],"tags":[],"class_list":["post-226798","post","type-post","status-publish","format-standard","has-post-thumbnail","","category-arabe-internacional-politica"],"_links":{"self":[{"href":"https:\/\/archive.sana.sy\/es\/index.php?rest_route=\/wp\/v2\/posts\/226798"}],"collection":[{"href":"https:\/\/archive.sana.sy\/es\/index.php?rest_route=\/wp\/v2\/posts"}],"about":[{"href":"https:\/\/archive.sana.sy\/es\/index.php?rest_route=\/wp\/v2\/types\/post"}],"author":[{"embeddable":true,"href":"https:\/\/archive.sana.sy\/es\/index.php?rest_route=\/wp\/v2\/users\/31"}],"replies":[{"embeddable":true,"href":"https:\/\/archive.sana.sy\/es\/index.php?rest_route=%2Fwp%2Fv2%2Fcomments&post=226798"}],"version-history":[{"count":0,"href":"https:\/\/archive.sana.sy\/es\/index.php?rest_route=\/wp\/v2\/posts\/226798\/revisions"}],"wp:featuredmedia":[{"embeddable":true,"href":"https:\/\/archive.sana.sy\/es\/index.php?rest_route=\/wp\/v2\/media\/226799"}],"wp:attachment":[{"href":"https:\/\/archive.sana.sy\/es\/index.php?rest_route=%2Fwp%2Fv2%2Fmedia&parent=226798"}],"wp:term":[{"taxonomy":"category","embeddable":true,"href":"https:\/\/archive.sana.sy\/es\/index.php?rest_route=%2Fwp%2Fv2%2Fcategories&post=226798"},{"taxonomy":"post_tag","embeddable":true,"href":"https:\/\/archive.sana.sy\/es\/index.php?rest_route=%2Fwp%2Fv2%2Ftags&post=226798"}],"curies":[{"name":"wp","href":"https:\/\/api.w.org\/{rel}","templated":true}]}}