{"id":226803,"date":"2022-04-02T08:12:57","date_gmt":"2022-04-02T05:12:57","guid":{"rendered":"http:\/\/107.6.182.27\/es\/?p=226803"},"modified":"2023-01-10T16:35:24","modified_gmt":"2023-01-10T14:35:24","slug":"cuatro-personas-acusadas-de-conspirar-para-iniciar-una-guerra-civil-en-los-estados-unidos","status":"publish","type":"post","link":"https:\/\/archive.sana.sy\/es\/?p=226803","title":{"rendered":"Cuatro personas acusadas de conspirar para iniciar una \u201cguerra civil\u201d en los Estados Unidos"},"content":{"rendered":"<p style=\"text-align: justify;\"><span style=\"color: #800000;\"><strong>Washington, 02 abr (SANA)\u00a0<\/strong><\/span>\u00a0 Las autoridades estadounidenses acusaron a cuatro personas que intentaron secuestrar a la gobernadora de Michigan, con la intenci\u00f3n de utilizar un &#8220;arma de destrucci\u00f3n masiva&#8221; y desencadenar una &#8220;guerra civil&#8221; en Estados Unidos.<\/p>\n<p style=\"text-align: justify;\">Medios de prensa informaron que el Fiscal General de los Estados Unidos acus\u00f3 a cuatro hombres estadounidenses de conspirar para secuestrar a la gobernadora Gretchen Whitmer, con la intenci\u00f3n de \u201ciniciar una guerra civil&#8221;.<\/p>\n<p style=\"text-align: justify;\">&#8220;Los cuatro acusados recolectaron armas de fuego y realizaron un reconocimiento de la casa en la que estaba de vacaciones la Gobernadora como parte de un plan de ataque&#8221;, detall\u00f3 el fiscal federal adjunto Nils Kessler.<\/p>\n<p style=\"text-align: justify;\">En la corte federal de Michigan, Kessler se\u00f1al\u00f3 que los cuatro acusados se entrenaron para secuestrar a la gobernadora, rodearon su casa en la medianoche y recolectaron armas y bombas\u201d.<\/p>\n<p style=\"text-align: justify;\">\u201cEl objetivo del grupo era desencadenar una segunda Guerra Civil estadounidense como partidarios del movimiento antigubernamental Bogalo\u201d, precis\u00f3.<\/p>\n<p style=\"text-align: justify;\">El FBI inform\u00f3 que comenz\u00f3 a rastrear los movimientos del grupo despu\u00e9s de detectar discusiones en l\u00ednea que inclu\u00edan publicaciones sobre el derrocamiento violento de algunos gobiernos estatales.<\/p>\n<p style=\"text-align: justify;\">fm\/sm<\/p>\n","protected":false},"excerpt":{"rendered":"<p>Washington, 02 abr (SANA)\u00a0\u00a0 Las autoridades estadounidenses acusaron a cuatro personas que intentaron secuestrar a la gobernadora de Michigan, con la intenci\u00f3n de utilizar un &#8220;arma de destrucci\u00f3n masiva&#8221; y desencadenar una &#8220;guerra civil&#8221; en Estados Unidos. Medios de prensa informaron que el Fiscal General de los Estados Unidos acus\u00f3 a cuatro hombres estadounidenses de &hellip;<\/p>\n","protected":false},"author":39,"featured_media":226804,"comment_status":"closed","ping_status":"closed","sticky":false,"template":"","format":"standard","meta":{"footnotes":""},"categories":[447,597,456,457,7541],"tags":[],"class_list":["post-226803","post","type-post","status-publish","format-standard","has-post-thumbnail","","category-local-politica","category-cinta-de-noticias","category-arabe-internacional-politica","category-noticias-arabe-internacional-politica","category-ultimas-noticias"],"_links":{"self":[{"href":"https:\/\/archive.sana.sy\/es\/index.php?rest_route=\/wp\/v2\/posts\/226803"}],"collection":[{"href":"https:\/\/archive.sana.sy\/es\/index.php?rest_route=\/wp\/v2\/posts"}],"about":[{"href":"https:\/\/archive.sana.sy\/es\/index.php?rest_route=\/wp\/v2\/types\/post"}],"author":[{"embeddable":true,"href":"https:\/\/archive.sana.sy\/es\/index.php?rest_route=\/wp\/v2\/users\/39"}],"replies":[{"embeddable":true,"href":"https:\/\/archive.sana.sy\/es\/index.php?rest_route=%2Fwp%2Fv2%2Fcomments&post=226803"}],"version-history":[{"count":0,"href":"https:\/\/archive.sana.sy\/es\/index.php?rest_route=\/wp\/v2\/posts\/226803\/revisions"}],"wp:featuredmedia":[{"embeddable":true,"href":"https:\/\/archive.sana.sy\/es\/index.php?rest_route=\/wp\/v2\/media\/226804"}],"wp:attachment":[{"href":"https:\/\/archive.sana.sy\/es\/index.php?rest_route=%2Fwp%2Fv2%2Fmedia&parent=226803"}],"wp:term":[{"taxonomy":"category","embeddable":true,"href":"https:\/\/archive.sana.sy\/es\/index.php?rest_route=%2Fwp%2Fv2%2Fcategories&post=226803"},{"taxonomy":"post_tag","embeddable":true,"href":"https:\/\/archive.sana.sy\/es\/index.php?rest_route=%2Fwp%2Fv2%2Ftags&post=226803"}],"curies":[{"name":"wp","href":"https:\/\/api.w.org\/{rel}","templated":true}]}}