{"id":226809,"date":"2022-04-02T08:53:39","date_gmt":"2022-04-02T05:53:39","guid":{"rendered":"http:\/\/107.6.182.27\/es\/?p=226809"},"modified":"2023-01-10T16:35:24","modified_gmt":"2023-01-10T14:35:24","slug":"tres-martires-palestinos-por-asalto-de-topas-sionistas-a-jenin","status":"publish","type":"post","link":"https:\/\/archive.sana.sy\/es\/?p=226809","title":{"rendered":"Tres m\u00e1rtires palestinos por asalto de tropas sionistas a Jenin"},"content":{"rendered":"<p style=\"text-align: justify;\"><span style=\"color: #800000;\"><strong>Jerusal\u00e9n ocupada, 2 abr (SANA)\u00a0<\/strong><\/span> Tres palestinos murieron en la madrugada de hoy por disparos de las fuerzas de ocupaci\u00f3n israel\u00edes en la ciudad de Jenin en Cisjordania.<\/p>\n<p style=\"text-align: justify;\">La agencia de noticias Wafa inform\u00f3 que las tropas de ocupaci\u00f3n asaltaron la ciudad de Araba y abrieron fuego intensa y directamente contra un autom\u00f3vil en el que viajaban varios palestinos, lo que provoc\u00f3 la muerte de tres de ellos y la lesi\u00f3n de otro.<\/p>\n<p style=\"text-align: justify;\">Se\u00f1al\u00f3 que las fuerzas de ocupaci\u00f3n se apoderaron de los cad\u00e1veres de los m\u00e1rtires y se neg\u00f3 a entregarlos.<\/p>\n<p style=\"text-align: justify;\">La v\u00edspera, un palestino perdi\u00f3 la vida y decenas resultaron heridos por los disparos de los militares israel\u00edes en la ciudad de Hebr\u00f3n, en Cisjordania.<\/p>\n<p style=\"text-align: justify;\">sm<\/p>\n","protected":false},"excerpt":{"rendered":"<p>Jerusal\u00e9n ocupada, 2 abr (SANA)\u00a0 Tres palestinos murieron en la madrugada de hoy por disparos de las fuerzas de ocupaci\u00f3n israel\u00edes en la ciudad de Jenin en Cisjordania. La agencia de noticias Wafa inform\u00f3 que las tropas de ocupaci\u00f3n asaltaron la ciudad de Araba y abrieron fuego intensa y directamente contra un autom\u00f3vil en el &hellip;<\/p>\n","protected":false},"author":39,"featured_media":226810,"comment_status":"closed","ping_status":"closed","sticky":false,"template":"","format":"standard","meta":{"footnotes":""},"categories":[447,456,457,7541],"tags":[],"class_list":["post-226809","post","type-post","status-publish","format-standard","has-post-thumbnail","","category-local-politica","category-arabe-internacional-politica","category-noticias-arabe-internacional-politica","category-ultimas-noticias"],"_links":{"self":[{"href":"https:\/\/archive.sana.sy\/es\/index.php?rest_route=\/wp\/v2\/posts\/226809"}],"collection":[{"href":"https:\/\/archive.sana.sy\/es\/index.php?rest_route=\/wp\/v2\/posts"}],"about":[{"href":"https:\/\/archive.sana.sy\/es\/index.php?rest_route=\/wp\/v2\/types\/post"}],"author":[{"embeddable":true,"href":"https:\/\/archive.sana.sy\/es\/index.php?rest_route=\/wp\/v2\/users\/39"}],"replies":[{"embeddable":true,"href":"https:\/\/archive.sana.sy\/es\/index.php?rest_route=%2Fwp%2Fv2%2Fcomments&post=226809"}],"version-history":[{"count":0,"href":"https:\/\/archive.sana.sy\/es\/index.php?rest_route=\/wp\/v2\/posts\/226809\/revisions"}],"wp:featuredmedia":[{"embeddable":true,"href":"https:\/\/archive.sana.sy\/es\/index.php?rest_route=\/wp\/v2\/media\/226810"}],"wp:attachment":[{"href":"https:\/\/archive.sana.sy\/es\/index.php?rest_route=%2Fwp%2Fv2%2Fmedia&parent=226809"}],"wp:term":[{"taxonomy":"category","embeddable":true,"href":"https:\/\/archive.sana.sy\/es\/index.php?rest_route=%2Fwp%2Fv2%2Fcategories&post=226809"},{"taxonomy":"post_tag","embeddable":true,"href":"https:\/\/archive.sana.sy\/es\/index.php?rest_route=%2Fwp%2Fv2%2Ftags&post=226809"}],"curies":[{"name":"wp","href":"https:\/\/api.w.org\/{rel}","templated":true}]}}