{"id":226825,"date":"2022-04-02T10:25:38","date_gmt":"2022-04-02T07:25:38","guid":{"rendered":"http:\/\/107.6.182.27\/es\/?p=226825"},"modified":"2023-01-10T16:35:23","modified_gmt":"2023-01-10T14:35:23","slug":"170-soldados-ucranianos-deponen-sus-armas-en-lugansk","status":"publish","type":"post","link":"https:\/\/archive.sana.sy\/es\/?p=226825","title":{"rendered":"170 soldados ucranianos desponen sus armas en Lugansk"},"content":{"rendered":"<p style=\"text-align: justify;\"><span style=\"color: #800000;\"><strong>Lugansk, 2 abr (SANA)\u00a0 <\/strong><\/span>La Comisionada de Derechos Humanos de la Rep\u00fablica Popular de Lugansk, Viktoria Serdyukova, anunci\u00f3 que 170 soldados ucranianos depusieron las armas en el territorio de la rep\u00fablica.<\/p>\n<p style=\"text-align: justify;\">&#8220;Hasta ahora, 170 soldados ucranianos se rindieron y se encuentran actualmente en el territorio de la Rep\u00fablica Popular de Lugansk&#8221;, dijo la funcionaria a la Agencia RIA Novosti.<\/p>\n<p style=\"text-align: justify;\">La Rep\u00fablica de Lugansk anunci\u00f3 varias veces que todos los soldados ucranianos que voluntariamente depongan sus armas, ser\u00e1n liberados despu\u00e9s de finalizarse la operaci\u00f3n militar en caso de no estar implicados en el asesinato de civiles.<\/p>\n<p style=\"text-align: justify;\">sm\/fm<\/p>\n","protected":false},"excerpt":{"rendered":"<p>Lugansk, 2 abr (SANA)\u00a0 La Comisionada de Derechos Humanos de la Rep\u00fablica Popular de Lugansk, Viktoria Serdyukova, anunci\u00f3 que 170 soldados ucranianos depusieron las armas en el territorio de la rep\u00fablica. &#8220;Hasta ahora, 170 soldados ucranianos se rindieron y se encuentran actualmente en el territorio de la Rep\u00fablica Popular de Lugansk&#8221;, dijo la funcionaria a &hellip;<\/p>\n","protected":false},"author":39,"featured_media":226826,"comment_status":"closed","ping_status":"closed","sticky":false,"template":"","format":"standard","meta":{"footnotes":""},"categories":[597,456,457,7541],"tags":[],"class_list":["post-226825","post","type-post","status-publish","format-standard","has-post-thumbnail","","category-cinta-de-noticias","category-arabe-internacional-politica","category-noticias-arabe-internacional-politica","category-ultimas-noticias"],"_links":{"self":[{"href":"https:\/\/archive.sana.sy\/es\/index.php?rest_route=\/wp\/v2\/posts\/226825"}],"collection":[{"href":"https:\/\/archive.sana.sy\/es\/index.php?rest_route=\/wp\/v2\/posts"}],"about":[{"href":"https:\/\/archive.sana.sy\/es\/index.php?rest_route=\/wp\/v2\/types\/post"}],"author":[{"embeddable":true,"href":"https:\/\/archive.sana.sy\/es\/index.php?rest_route=\/wp\/v2\/users\/39"}],"replies":[{"embeddable":true,"href":"https:\/\/archive.sana.sy\/es\/index.php?rest_route=%2Fwp%2Fv2%2Fcomments&post=226825"}],"version-history":[{"count":0,"href":"https:\/\/archive.sana.sy\/es\/index.php?rest_route=\/wp\/v2\/posts\/226825\/revisions"}],"wp:featuredmedia":[{"embeddable":true,"href":"https:\/\/archive.sana.sy\/es\/index.php?rest_route=\/wp\/v2\/media\/226826"}],"wp:attachment":[{"href":"https:\/\/archive.sana.sy\/es\/index.php?rest_route=%2Fwp%2Fv2%2Fmedia&parent=226825"}],"wp:term":[{"taxonomy":"category","embeddable":true,"href":"https:\/\/archive.sana.sy\/es\/index.php?rest_route=%2Fwp%2Fv2%2Fcategories&post=226825"},{"taxonomy":"post_tag","embeddable":true,"href":"https:\/\/archive.sana.sy\/es\/index.php?rest_route=%2Fwp%2Fv2%2Ftags&post=226825"}],"curies":[{"name":"wp","href":"https:\/\/api.w.org\/{rel}","templated":true}]}}