{"id":226834,"date":"2022-04-02T11:03:06","date_gmt":"2022-04-02T08:03:06","guid":{"rendered":"http:\/\/107.6.182.27\/es\/?p=226834"},"modified":"2023-01-10T16:35:23","modified_gmt":"2023-01-10T14:35:23","slug":"ejercito-ruso-entrega-ayuda-humanitaria-en-la-ciudad-ucraniana-de-izyum","status":"publish","type":"post","link":"https:\/\/archive.sana.sy\/es\/?p=226834","title":{"rendered":"Ej\u00e9rcito ruso entrega ayuda humanitaria en la ciudad ucraniana de Izyum"},"content":{"rendered":"<p>Mosc\u00fa, 2 abr (SANA)\u00a0 \u00a0Unidades del ej\u00e9rcito ruso entregaron m\u00e1s de 45 toneladas de alimentos a los residentes de la ciudad de Izyum en la regi\u00f3n de J\u00e1rkov y brindaron asistencia en las evacuaciones para quienes deseaban abandonar la ciudad.<\/p>\n<p>Fuentes oficiales informaron al sitio web Russia Today que debido al continuo bombardeo por parte las fuerzas ucranianas, los residentes se ven obligados a esconderse en s\u00f3tanos y refugios.<\/p>\n<p>El Ministerio de Defensa ruso indic\u00f3 que el impacto de varios proyectiles de las fuerzas armadas ucranianas da\u00f1\u00f3 la iglesia de la ciudad y otras instalaciones p\u00fablicas privadas.<\/p>\n<p>sm\/fm<\/p>\n","protected":false},"excerpt":{"rendered":"<p>Mosc\u00fa, 2 abr (SANA)\u00a0 \u00a0Unidades del ej\u00e9rcito ruso entregaron m\u00e1s de 45 toneladas de alimentos a los residentes de la ciudad de Izyum en la regi\u00f3n de J\u00e1rkov y brindaron asistencia en las evacuaciones para quienes deseaban abandonar la ciudad. Fuentes oficiales informaron al sitio web Russia Today que debido al continuo bombardeo por parte &hellip;<\/p>\n","protected":false},"author":39,"featured_media":226835,"comment_status":"closed","ping_status":"closed","sticky":false,"template":"","format":"standard","meta":{"footnotes":""},"categories":[597,456,457,7541],"tags":[],"class_list":["post-226834","post","type-post","status-publish","format-standard","has-post-thumbnail","","category-cinta-de-noticias","category-arabe-internacional-politica","category-noticias-arabe-internacional-politica","category-ultimas-noticias"],"_links":{"self":[{"href":"https:\/\/archive.sana.sy\/es\/index.php?rest_route=\/wp\/v2\/posts\/226834"}],"collection":[{"href":"https:\/\/archive.sana.sy\/es\/index.php?rest_route=\/wp\/v2\/posts"}],"about":[{"href":"https:\/\/archive.sana.sy\/es\/index.php?rest_route=\/wp\/v2\/types\/post"}],"author":[{"embeddable":true,"href":"https:\/\/archive.sana.sy\/es\/index.php?rest_route=\/wp\/v2\/users\/39"}],"replies":[{"embeddable":true,"href":"https:\/\/archive.sana.sy\/es\/index.php?rest_route=%2Fwp%2Fv2%2Fcomments&post=226834"}],"version-history":[{"count":0,"href":"https:\/\/archive.sana.sy\/es\/index.php?rest_route=\/wp\/v2\/posts\/226834\/revisions"}],"wp:featuredmedia":[{"embeddable":true,"href":"https:\/\/archive.sana.sy\/es\/index.php?rest_route=\/wp\/v2\/media\/226835"}],"wp:attachment":[{"href":"https:\/\/archive.sana.sy\/es\/index.php?rest_route=%2Fwp%2Fv2%2Fmedia&parent=226834"}],"wp:term":[{"taxonomy":"category","embeddable":true,"href":"https:\/\/archive.sana.sy\/es\/index.php?rest_route=%2Fwp%2Fv2%2Fcategories&post=226834"},{"taxonomy":"post_tag","embeddable":true,"href":"https:\/\/archive.sana.sy\/es\/index.php?rest_route=%2Fwp%2Fv2%2Ftags&post=226834"}],"curies":[{"name":"wp","href":"https:\/\/api.w.org\/{rel}","templated":true}]}}