{"id":226911,"date":"2022-04-02T16:38:03","date_gmt":"2022-04-02T13:38:03","guid":{"rendered":"http:\/\/107.6.182.27\/es\/?p=226911"},"modified":"2023-01-10T16:35:22","modified_gmt":"2023-01-10T14:35:22","slug":"rusia-frustra-atentado-terrorista-cerca-de-kiev","status":"publish","type":"post","link":"https:\/\/archive.sana.sy\/es\/?p=226911","title":{"rendered":"Rusia frustra atentado terrorista cerca de Kiev"},"content":{"rendered":"<p style=\"text-align: justify;\"><span style=\"color: #800000;\"><strong>Mosc\u00fa, 02 abr (SANA)\u00a0 \u00a0<\/strong><\/span>Unidades de la Guardia Nacional rusa frustraron hoy un ataque contra un punto de distribuci\u00f3n de ayuda humanitaria en las afueras de la capital ucraniana, Kiev.<\/p>\n<p style=\"text-align: justify;\">\u201cDurante su patrulla, efectivos de la Guardia Nacional detectaron un artefacto explosivo cerca de un centro para distribuci\u00f3n de ayuda humanitaria a la poblaci\u00f3n en una de las ciudades en las afueras de Kiev\u201d, cit\u00f3 Sputnik a la Guardia Nacional.<\/p>\n<p style=\"text-align: justify;\">Detall\u00f3 que se acordon\u00f3 el lugar y se evacu\u00f3 de los residentes a una distancia segura, y que los zapadores afirmaron que el artefacto est\u00e1 hecho con munici\u00f3n de artiller\u00eda de 152 mm.<\/p>\n<p style=\"text-align: justify;\">&#8220;Como resultado de las acciones r\u00e1pidas de la Guardia Nacional, se evit\u00f3 un ataque terrorista de militantes de formaciones nacionalistas ucranianas contra los civiles&#8221;, agreg\u00f3.<\/p>\n<p style=\"text-align: justify;\">rr\/fm<\/p>\n","protected":false},"excerpt":{"rendered":"<p>Mosc\u00fa, 02 abr (SANA)\u00a0 \u00a0Unidades de la Guardia Nacional rusa frustraron hoy un ataque contra un punto de distribuci\u00f3n de ayuda humanitaria en las afueras de la capital ucraniana, Kiev. \u201cDurante su patrulla, efectivos de la Guardia Nacional detectaron un artefacto explosivo cerca de un centro para distribuci\u00f3n de ayuda humanitaria a la poblaci\u00f3n en &hellip;<\/p>\n","protected":false},"author":31,"featured_media":226912,"comment_status":"closed","ping_status":"closed","sticky":false,"template":"","format":"standard","meta":{"footnotes":""},"categories":[456],"tags":[],"class_list":["post-226911","post","type-post","status-publish","format-standard","has-post-thumbnail","","category-arabe-internacional-politica"],"_links":{"self":[{"href":"https:\/\/archive.sana.sy\/es\/index.php?rest_route=\/wp\/v2\/posts\/226911"}],"collection":[{"href":"https:\/\/archive.sana.sy\/es\/index.php?rest_route=\/wp\/v2\/posts"}],"about":[{"href":"https:\/\/archive.sana.sy\/es\/index.php?rest_route=\/wp\/v2\/types\/post"}],"author":[{"embeddable":true,"href":"https:\/\/archive.sana.sy\/es\/index.php?rest_route=\/wp\/v2\/users\/31"}],"replies":[{"embeddable":true,"href":"https:\/\/archive.sana.sy\/es\/index.php?rest_route=%2Fwp%2Fv2%2Fcomments&post=226911"}],"version-history":[{"count":0,"href":"https:\/\/archive.sana.sy\/es\/index.php?rest_route=\/wp\/v2\/posts\/226911\/revisions"}],"wp:featuredmedia":[{"embeddable":true,"href":"https:\/\/archive.sana.sy\/es\/index.php?rest_route=\/wp\/v2\/media\/226912"}],"wp:attachment":[{"href":"https:\/\/archive.sana.sy\/es\/index.php?rest_route=%2Fwp%2Fv2%2Fmedia&parent=226911"}],"wp:term":[{"taxonomy":"category","embeddable":true,"href":"https:\/\/archive.sana.sy\/es\/index.php?rest_route=%2Fwp%2Fv2%2Fcategories&post=226911"},{"taxonomy":"post_tag","embeddable":true,"href":"https:\/\/archive.sana.sy\/es\/index.php?rest_route=%2Fwp%2Fv2%2Ftags&post=226911"}],"curies":[{"name":"wp","href":"https:\/\/api.w.org\/{rel}","templated":true}]}}