{"id":226914,"date":"2022-04-02T16:40:30","date_gmt":"2022-04-02T13:40:30","guid":{"rendered":"http:\/\/107.6.182.27\/es\/?p=226914"},"modified":"2023-01-10T16:35:22","modified_gmt":"2023-01-10T14:35:22","slug":"rusia-abre-caso-penal-por-toma-de-rehenes-en-el-hospital-materno-de-mariupol","status":"publish","type":"post","link":"https:\/\/archive.sana.sy\/es\/?p=226914","title":{"rendered":"Rusia abre caso penal por toma de rehenes en el hospital materno de Mari\u00fapol"},"content":{"rendered":"<p style=\"text-align: justify;\"><span style=\"color: #800000;\"><strong>Mosc\u00fa, 02 abr (SANA)<\/strong><\/span>\u00a0 El Comit\u00e9 de Investigaci\u00f3n de Rusia abri\u00f3 un caso penal en relaci\u00f3n con la toma de rehenes en un hospital de maternidad situado en Mari\u00fapol.<\/p>\n<p style=\"text-align: justify;\">&#8220;Se inici\u00f3 una causa penal por crimen de captura de dos o m\u00e1s rehenes cometida por un grupo, por acuerdo previo, con el uso de violencia peligrosa para la vida o la salud&#8221;, indica un comunicado emitido por el Comit\u00e9.<\/p>\n<p style=\"text-align: justify;\">Agreg\u00f3 que grab\u00f3 el testimonio de una mujer que estaba en un hospital y fue testigo de lo que hizo el ej\u00e9rcito ucraniano que us\u00f3 el hospital para sus propios fines, se apoder\u00f3 de comida de mujeres embarazadas y las mantuvo como rehenes.<\/p>\n<p style=\"text-align: justify;\">La mujer agrega en su testimonio que el edificio fue bombardeado por los propios militantes ucranianos.<\/p>\n<p style=\"text-align: justify;\">fm<\/p>\n","protected":false},"excerpt":{"rendered":"<p>Mosc\u00fa, 02 abr (SANA)\u00a0 El Comit\u00e9 de Investigaci\u00f3n de Rusia abri\u00f3 un caso penal en relaci\u00f3n con la toma de rehenes en un hospital de maternidad situado en Mari\u00fapol. &#8220;Se inici\u00f3 una causa penal por crimen de captura de dos o m\u00e1s rehenes cometida por un grupo, por acuerdo previo, con el uso de violencia &hellip;<\/p>\n","protected":false},"author":34,"featured_media":226915,"comment_status":"closed","ping_status":"closed","sticky":false,"template":"","format":"standard","meta":{"footnotes":""},"categories":[597,456,7541],"tags":[],"class_list":["post-226914","post","type-post","status-publish","format-standard","has-post-thumbnail","","category-cinta-de-noticias","category-arabe-internacional-politica","category-ultimas-noticias"],"_links":{"self":[{"href":"https:\/\/archive.sana.sy\/es\/index.php?rest_route=\/wp\/v2\/posts\/226914"}],"collection":[{"href":"https:\/\/archive.sana.sy\/es\/index.php?rest_route=\/wp\/v2\/posts"}],"about":[{"href":"https:\/\/archive.sana.sy\/es\/index.php?rest_route=\/wp\/v2\/types\/post"}],"author":[{"embeddable":true,"href":"https:\/\/archive.sana.sy\/es\/index.php?rest_route=\/wp\/v2\/users\/34"}],"replies":[{"embeddable":true,"href":"https:\/\/archive.sana.sy\/es\/index.php?rest_route=%2Fwp%2Fv2%2Fcomments&post=226914"}],"version-history":[{"count":0,"href":"https:\/\/archive.sana.sy\/es\/index.php?rest_route=\/wp\/v2\/posts\/226914\/revisions"}],"wp:featuredmedia":[{"embeddable":true,"href":"https:\/\/archive.sana.sy\/es\/index.php?rest_route=\/wp\/v2\/media\/226915"}],"wp:attachment":[{"href":"https:\/\/archive.sana.sy\/es\/index.php?rest_route=%2Fwp%2Fv2%2Fmedia&parent=226914"}],"wp:term":[{"taxonomy":"category","embeddable":true,"href":"https:\/\/archive.sana.sy\/es\/index.php?rest_route=%2Fwp%2Fv2%2Fcategories&post=226914"},{"taxonomy":"post_tag","embeddable":true,"href":"https:\/\/archive.sana.sy\/es\/index.php?rest_route=%2Fwp%2Fv2%2Ftags&post=226914"}],"curies":[{"name":"wp","href":"https:\/\/api.w.org\/{rel}","templated":true}]}}