{"id":226933,"date":"2022-04-02T19:10:32","date_gmt":"2022-04-02T16:10:32","guid":{"rendered":"http:\/\/107.6.182.27\/es\/?p=226933"},"modified":"2023-01-10T16:35:22","modified_gmt":"2023-01-10T14:35:22","slug":"para-siria-el-bloqueo-estadounidense-impuesto-a-cuba-es-un-terrorismo-economico","status":"publish","type":"post","link":"https:\/\/archive.sana.sy\/es\/?p=226933","title":{"rendered":"Para Siria, el bloqueo estadounidense impuesto a Cuba es un terrorismo econ\u00f3mico"},"content":{"rendered":"<p style=\"text-align: justify;\"><span style=\"color: #800000;\"><strong>Damasco, 2 abr (SANA)<\/strong><\/span> El 7 de febrero de 1962, el entonces presidente de Estados Unidos (EE.UU.), John F. Kennedy, declar\u00f3 el bloqueo unilateral de ese pa\u00eds contra Cuba..<\/p>\n<p style=\"text-align: justify;\">El objetivo estaba claro: asfixiar econ\u00f3micamente a la naci\u00f3n caribe\u00f1a y hacer rendir por hambre al pueblo cubano, carente de recursos prohibidos por la pol\u00edtica de Washington hacia el Gobierno cubano. Cerrar, bloquear, impedir, hostigar a Cuba. Esa era la meta y lo sigue siendo a m\u00e1s de 60 a\u00f1os del imposici\u00f3n del bloqueo unilateral.<\/p>\n<p style=\"text-align: justify;\">Siria anunci\u00f3 en numerosas ocasiones su condena al injusto bloqueo econ\u00f3mico impuesto por Estados Unidos contra la Rep\u00fablica de Cuba.<\/p>\n<p style=\"text-align: justify;\">Dicho bloqueo viola el Derecho Internacional y los m\u00e1s elementales derechos humanos y llega a ser un crimen de guerra y de lesa humanidad, afirmaron las declaraciones de la Canciller\u00eda siria y las intervenciones de los delegados sirios en los foros internacionales.<\/p>\n<p style=\"text-align: justify;\">Damasco exhort\u00f3 la comunidad internacional a actuar para poner fin a este terrorismo econ\u00f3mico que constituye un acto de genocidio, y consider\u00f3 que el mismo pretende coartar los leg\u00edtimos derechos del pueblo cubano en la defensa de su soberan\u00eda y estabilidad.<\/p>\n<p style=\"text-align: justify;\">Siria conf\u00eda en que Cuba, que enfrenta este bloqueo ilegal, seguir\u00e1 preservando su soberan\u00eda y frustrar\u00e1 los objetivos que pretenden los enemigos lograr mediante este embargo.<\/p>\n<p style=\"text-align: justify;\"><span style=\"color: #0000ff;\"><strong>SANA se une a marat\u00f3n medi\u00e1tico contra el bloqueo<\/strong><\/span><\/p>\n<p style=\"text-align: justify;\">La Agencia \u00c1rabe Siria de Noticias (SANA) se suma al marat\u00f3n medi\u00e1tico de condena y rechazo al bloqueo impuesto a Cuba y las medidas coercitivas unilaterales impuestas a Siria, Rusia, Ir\u00e1n, Venezuela y otras naciones.<\/p>\n<p style=\"text-align: justify;\">Durante el marat\u00f3n, se unen las voces a nivel mundial para desenmascarar la pol\u00edtica agresiva e injusta de las administraciones estadounidenses contra pueblos que defienden su soberan\u00eda y su derecho a la vida y rechazan ser sometidos a la pol\u00edtica de Estados Unidos y sus aliados.<\/p>\n<p style=\"text-align: justify;\"><strong>SANA en Espa\u00f1ol solidaria y siempre con la verdad<\/strong><\/p>\n<p style=\"text-align: justify;\"><strong>Medios informativos, figuras y asociaciones sindicales y pol\u00edticas que participaron en el evento:<\/strong><\/p>\n<p style=\"text-align: justify;\"><strong>Medios informativos<\/strong><\/p>\n<p style=\"text-align: justify;\">\u2022 Agencia \u00c1rabe Siria de Noticias (SANA)<br \/>\n\u2022 Prensa Latina<br \/>\n\u2022 TeleSUR<br \/>\n\u2022 Hispantv<br \/>\n\u2022 Al Mayadeen<br \/>\n\u2022 Sputnik<br \/>\n\u2022 Cubavisi\u00f3n Internacional<br \/>\n\u2022 ANTV Canal de la Asamblea Nacional de Venezuela<br \/>\n\u2022 Andaluzia TV<br \/>\n\u2022 TV Ciudad Libre Brasilia<br \/>\n\u2022 Club Argentino de Periodistas Amigos de Cuba<br \/>\n\u2022 Ecos del 56 TV Costa Rica<br \/>\n\u2022 I-C Press (International Congo Press)<br \/>\n\u2022 Ziana TV (Congo)<br \/>\n\u2022 Brazza-Paris Infos<br \/>\n\u2022 Tsimou TV<br \/>\n\u2022 Blogue TLR TV<br \/>\n\u2022 Zarote . TV<br \/>\n\u2022 Canal \u201cTelevisi\u00f3n Sovi\u00e9tica\u201d<br \/>\n\u2022 Internet TV \u201d Len . ru\u201d<br \/>\n\u2022 Ucrania.ru Pertenece a la agencia de noticias RT (es la antigua agencia RIA NOVOSTI).<br \/>\n\u2022 MNG TV (Congo)<br \/>\n\u2022 La Radio del Sur<br \/>\n\u2022 Radio COCO<br \/>\n\u2022 Radio y TV Provincial de Neuqu\u00e9n (Patagonia) + de 45 emisoras de radios provinciales<br \/>\n\u2022 Radio Tv Armaged\u00f3n (Per\u00fa)<br \/>\n\u2022 Radio Voces Latinas CHHA 1610 AM \u2013 Toronto.<br \/>\n\u2022 Radio Rebelde<br \/>\n\u2022 Radio Reloj<br \/>\n\u2022 Radio Habana Cuba<br \/>\n\u2022 Radio Ta\u00edno<br \/>\n\u2022 Radio Progreso<br \/>\n\u2022 Radio Guant\u00e1namo<br \/>\n\u2022 Radi\u00f3polis (Espa\u00f1a)<br \/>\n\u2022 YcodenDaute Radio (Canarias)<br \/>\n\u2022 Radio Izquierda<br \/>\n\u2022 Radio Revoluci\u00f3n<br \/>\n\u2022 Radio Guiniguada (Canarias)<br \/>\n\u2022 Red Radio, (Rusia)<br \/>\n\u2022 Radio Altahay (Lanzarote)<br \/>\n\u2022 Soy Asamblea Radio<br \/>\n\u2022 Radio Futura (Argentina)<br \/>\n\u2022 Radio Granma (Italia)<br \/>\n\u2022 Radio Mamb\u00ed (Italia)<br \/>\n\u2022 MNG Radio (Congo)<br \/>\n\u2022 Radio con Aguante (Argentina)<br \/>\n\u2022 Radio FM Punta Indio<br \/>\n\u2022 FM Horizonte Tucum\u00e1n<br \/>\n\u2022 Radio Universidad Nacinal de Rosario<br \/>\n\u2022 Prensa Latina<br \/>\n\u2022 Revista Bohemia<br \/>\n\u2022 Resumen Latinoamericano<br \/>\n\u2022 Rusia Sovi\u00e9tica<br \/>\n\u2022 Correo del Alba<br \/>\n\u2022 Peri\u00f3dico Trabajadores<br \/>\n\u2022 La Voz de Mor\u00f3n (Andaluc\u00eda)<br \/>\n\u2022 Cubainformaci\u00f3n<br \/>\n\u2022 La Otra Andaluc\u00eda<br \/>\n\u2022 Peri\u00f3dico Libertad Costa Rica<br \/>\n\u2022 Prensa Nacional del Congo<br \/>\n\u2022 La Verdad de Lanzarote.<br \/>\n\u2022 Elcanario . net<br \/>\n\u2022 Rusia Literaria<br \/>\n\u2022 The Canada Files<br \/>\n\u2022 P\u00e1gina 12<br \/>\n<strong>Asociaciones<\/strong><br \/>\n\u2022 Agir Contre le Colonialisme Aujourd\u00b4hui (ACCA)<br \/>\n\u2022 Asociaci\u00f3n Francia Cuba<br \/>\n\u2022 Asociaci\u00f3n Cuba Cooperation France<br \/>\n\u2022 Asociaci\u00f3n Cuba S\u00ed<br \/>\n\u2022 Asociaci\u00f3n Cuba Linda<br \/>\n\u2022 Asociaci\u00f3n Cuba Va<br \/>\n\u2022 Asociaci\u00f3n Viva Cuba<br \/>\n\u2022 Asociaci\u00f3n Madres de la Plaza de Mayo<br \/>\n\u2022 Asociaci\u00f3n Valenciana de Amistad con Cuba \u201cJos\u00e9 Mart\u00ed\u201d<br \/>\n\u2022 Coordinadora de Cubanos Residentes en Francia<br \/>\n\u2022 Asoc de Solidaridad de Galicia \u201cFrancisco Villamil\u201d<br \/>\n\u2022 Asociaci\u00f3n de Solidaridad con Cuba \u201cM\u00e1ximo Tornet\u201d (Huelva)<br \/>\n\u2022 Asociaci\u00f3n cultural Para un Pr\u00edncipe Enano<br \/>\n\u2022 Asociaci\u00f3n de Amistad Hispanocubana Bartolom\u00e9 de las Casas de Sevilla<br \/>\n\u2022 Defensem Cuba- Plataforma catalana de solidaridad con Cuba,<br \/>\n\u2022 Federaci\u00f3n de Asociaciones de Cubanos Residentes en Espa\u00f1a (FACRE)<br \/>\n\u2022 Sociedad Rusa de Amistad con Cuba<br \/>\n\u2022 Casal D\u00b4Amistat Amb Cuba de Badalona<br \/>\n\u2022 Fundaci\u00f3n Fidel Castro de Rusia.<br \/>\n\u2022 Red Latinoamericana y Caribe\u00f1a de Solidaridad con Cuba<br \/>\n\u2022 Asociaci\u00f3n de Cubanos en Catalu\u00f1a<br \/>\n\u2022 Asociaci\u00f3n Cultural 100% Cubanos de Asturias<br \/>\n\u2022 Asociaci\u00f3n Cultural del Sur de Espa\u00f1a \u201cLa Avellaneda\u201d<br \/>\n\u2022 Asociaci\u00f3n de Cubanos Residentes en Andaluc\u00eda \u201cTocororo\u201d<br \/>\n\u2022 Asociaci\u00f3n de Amistad Canario-Cubana \u201cJos\u00e9 Mart\u00ed\u201d<br \/>\n\u2022 Presidencia del Colegio de Abogados de Honduras<br \/>\n\u2022 Grupo de Solidaridad de Angola<br \/>\n\u2022 Colectivo 26 de Julio (Madrid)<br \/>\n\u2022 CONAICOP<br \/>\n\u2022 Asociaci\u00f3n de Amistad Serbio-Cubana de Belgrado<br \/>\n\u2022 Mov. Argentino de Solidaridad con Cuba<br \/>\n\u2022 Conselho Portugu\u00eas para a Paz e Coopera\u00e7\u00e3o<br \/>\n\u2022 Casa de Amistad Argentino Cubana de Buenos Aires<br \/>\n\u2022 Plataforma de la Clase Obrera Antiimperialista (PCOA)<br \/>\n\u2022 Grupo Bariloche de Solidaridad con Cuba (Patagonia. Argentina)<br \/>\n\u2022 Asociaci\u00f3n Nacional de Amistad Italia Cuba<br \/>\n\u2022 Escuela L\u00f3gico-Hist\u00f3rica (Grecia) Dimitrios Patelis<br \/>\n\u2022 Comit\u00e9 Ruso para la Eliminaci\u00f3n del Bloqueo<br \/>\n\u2022 Grupo Mamb\u00ed Internacionalista (Italia)<br \/>\n\u2022 Comit\u00e9 de defensa de Cuba en S\u00e3o Paulo<br \/>\n\u2022 Movimiento Estatal de Solidaridad con Cuba (MESC) (Estado espa\u00f1ol)<br \/>\n\u2022 Australia Solidarity with Latin America<br \/>\n\u2022 Casa Museo Schafik H\u00e1ndal, de El Salvador<br \/>\n\u2022 AELAC, Asoc. De Educadores de America Latina y el Caribe, capitulo Argentina<br \/>\n\u2022 CEBRAPAZ- Centro Brasileiro de Solidariedade e luta pela Paz<br \/>\n\u2022 ACJM Asociaci\u00f3n Cultural Jos\u00e9 Mart\u00ed (Brasil)<br \/>\n\u2022 MBSC Movimento Brasileiro de Solidaridade com Cuba.<br \/>\n\u2022 Coordinadora Mexicana de Solidaridad con Venezuela (M\u00e9xico)<br \/>\n\u2022 Descamisados (Argentina)<br \/>\n\u2022 Movimiento Feminista de Mujeres Diversas \u2013 M\u00e9xico<br \/>\n\u2022 OMAC, Observatorio Mar\u00edtimo Canario<br \/>\n\u2022 IFCO\/Pastors for Peace<br \/>\nOrganizaciones sindicales<br \/>\n\u2022 Federaci\u00f3n Sindical Mundial (FSM)<br \/>\n\u2022 CTC Cuba<br \/>\n\u2022 Sindicato Nacional de los Trabajadores de la Educaci\u00f3n, la Ciencia y los Deportes. (Cuba)<br \/>\n\u2022 CGT (Ferroviarios)<br \/>\n\u2022 FENPROF Federaci\u00f3n Nacional de los Professores \u2013 Portugal<br \/>\n<strong>Organizaciones pol\u00edticas<\/strong><br \/>\n\u2022 Francia Insumisa<br \/>\n\u2022 Movimiento al Socialismo (Bolivia) en Europa MAS<br \/>\n\u2022 Partido Comunista de Espa\u00f1a<br \/>\n\u2022 Partido Comunista de los Pueblos de Espa\u00f1a<br \/>\n\u2022 Naci\u00f3n Andaluza (grupo pol\u00edtico)<br \/>\n\u2022 Partido Convergencia Socialista de Italia<br \/>\n\u2022 Partido Comunista de Argentina<br \/>\n\u2022 Partido Comunista de la Federaci\u00f3n de Rusia<br \/>\n\u2022 Partido HADASH Comunista de Israel<br \/>\n\u2022 Partido Popular Socialista de Mexico<br \/>\n\u2022 Partido del Trabajo de B\u00e9lgica<br \/>\n\u2022 Nuevo Partido Comunista de Yugoslavia.<br \/>\n\u2022 Liga de la Juventud Comunista de Yugoslavia<br \/>\n\u2022 Partido Vanguardia Popular de Costa Rica<br \/>\n\u2022 Juventud Vanguardista Costarricense<br \/>\n\u2022 CMIC, Colectivo de Mujeres Independentistas de Canarias,<br \/>\n\u2022 FVL, Fuerza Vecinal de Lanzarote,<br \/>\n\u2022 MLNC, Movimiento de Liberaci\u00f3n Nacional Canario, ,<br \/>\n\u2022 TEG, Tagoror Espiritual Guanche,<br \/>\n\u2022 USC, Uni\u00f3n Soberanista Canaria.<br \/>\n\u2022 JCPE. Juventud Comunista de los Pueblos de Espa\u00f1a.<br \/>\n\u2022 Partido Comunista de Alemania<br \/>\n\u2022 Movimiento Unidad, Democracia y Paz (Colombia)<br \/>\n\u2022 Movimiento Colombiano de de Solidaridad con los Pueblos y Gobiernos del Alba (Colombia)<br \/>\n\u2022 Movimiento Art\u00edstico y Cultural<br \/>\n\u2022 Partido Comunista do Brasil<br \/>\n\u2022 Partido de la Izquierda Europea<br \/>\n\u2022 Farabundo Mart\u00ed para la Liberaci\u00f3n Nacional FMLN<br \/>\nMedios en las redes<br \/>\n\u2022 Data Urgente<br \/>\n\u2022 Konstantin Semin,<br \/>\n\u2022 Yevgeny spitsyn.<br \/>\n\u2022 Dani Devita, Argentina<br \/>\n\u2022 Ra\u00fal Capote, desde Cuba<br \/>\n\u2022 Canal del Colettivo Cuba Va (Italia)<br \/>\n\u2022 Cuba Soberana (Lisboa)<br \/>\n\u2022 Canal Cuba Va (Carel Kantelar desde Canad\u00e1 y Alejandro, desde Irlanda)<br \/>\n\u2022 Canal La esquina roja (Gilo Fezzo, desde Cuba)<br \/>\n\u2022 Daniel Palencia, desde Argentina<br \/>\n\u2022 Alex con Cuban\u00eda y Religi\u00f3n desde Ecuador<br \/>\n\u2022 La tarde se mueve (EU)<br \/>\n\u2022 Lo que pica el Pollo (EU)<br \/>\n\u2022 Canal de Santiago Mustelier Zamora<br \/>\n\u2022 Viktoria<br \/>\n\u2022 Plataforma de Africanos.<br \/>\n\u2022 Siempre con Cuba<br \/>\n\u2022 La Pupila Insomne<br \/>\n<strong>Personalidades<\/strong><br \/>\n\u2022 Apoyo especial de los pintores cubanos<br \/>\n\u2022 Lorenzo Padilla,<br \/>\n\u2022 Jos\u00e9 Luis Fari\u00f1as y<br \/>\n\u2022 Luis Alberto Ruiz Saavedra.<br \/>\n\u2022 Sandra Correa Le\u00f3n, Ex Ministra de Educaci\u00f3n de Ecuador.<br \/>\n\u2022 Fran\u00e7ois-Michel Lambert. Presidente del Grupo de Amistad Francia Cuba de la Asamblea Nacional Francesa.<br \/>\n\u2022 Atilio Bor\u00f3n.<br \/>\n\u2022 Luis Toledo Sande.<br \/>\n\u2022 Leyde Ernesto Rodr\u00edguez Hern\u00e1ndez.<br \/>\n\u2022 Manu Pineda. Eurodiputado.<br \/>\n\u2022 Kari Kreen.<br \/>\n\u2022 Francisco Mart\u00ednez, Diputado del Partido Socialista \u00danico de Venezuela (PSUV)<br \/>\n\u2022 Carlos Serpa Maceira.<br \/>\n\u2022 Ra\u00fal Antonio Capote Hern\u00e1ndez..<br \/>\n\u2022 Gerardo Hern\u00e1ndez Nordelo<br \/>\n\u2022 Ren\u00e9 Gonz\u00e1lez Sehwerert<br \/>\n\u2022 Enrique Ubieta G\u00f3mez.<br \/>\n\u2022 Juana Garc\u00eda Ab\u00e1s.<br \/>\n\u2022 Stella Manuela Juliana Calloni Leguizam\u00f3n.<br \/>\n\u2022 Hebe Mar\u00eda Pastor de Bonafini<br \/>\n\u2022 Hernando Calvo Ospina.<br \/>\n\u2022 Teresa de la Caridad Melo Rodr\u00edguez<br \/>\n\u2022 Mois\u00e9s Rodr\u00edguez Quesada.<br \/>\n\u2022 Carlos Tablada P\u00e9rez.<br \/>\n\u2022 Maurice Lemoine.<br \/>\n\u2022 Fernando Buen Abad.<br \/>\n\u2022 Mart\u00edn Almada, Premio Nobel Alternativo de La Paz y Miembro del Comit\u00e9 Ejecutivo de la Asoc AMERICANA DE JURISTAS (AAJ)<br \/>\n\u2022 Ra\u00fal Torres \u2013 M\u00fasico y cantante cubano.<br \/>\n\u2022 Costas Isychos, ex Ministro de Defensa. REDH GRIEGA.<br \/>\n\u2022 Iroel S\u00e1nchez<br \/>\n\u2022 Sargento Garc\u00eda (cantante franco-espa\u00f1ol)<\/p>\n<p style=\"text-align: justify;\">\n<p style=\"text-align: justify;\">fm<\/p>\n","protected":false},"excerpt":{"rendered":"<p>Damasco, 2 abr (SANA) El 7 de febrero de 1962, el entonces presidente de Estados Unidos (EE.UU.), John F. Kennedy, declar\u00f3 el bloqueo unilateral de ese pa\u00eds contra Cuba.. El objetivo estaba claro: asfixiar econ\u00f3micamente a la naci\u00f3n caribe\u00f1a y hacer rendir por hambre al pueblo cubano, carente de recursos prohibidos por la pol\u00edtica de &hellip;<\/p>\n","protected":false},"author":34,"featured_media":226934,"comment_status":"closed","ping_status":"closed","sticky":false,"template":"","format":"standard","meta":{"footnotes":""},"categories":[597,456,467,583],"tags":[],"class_list":["post-226933","post","type-post","status-publish","format-standard","has-post-thumbnail","","category-cinta-de-noticias","category-arabe-internacional-politica","category-siria-y-el-mundo","category-slide"],"_links":{"self":[{"href":"https:\/\/archive.sana.sy\/es\/index.php?rest_route=\/wp\/v2\/posts\/226933"}],"collection":[{"href":"https:\/\/archive.sana.sy\/es\/index.php?rest_route=\/wp\/v2\/posts"}],"about":[{"href":"https:\/\/archive.sana.sy\/es\/index.php?rest_route=\/wp\/v2\/types\/post"}],"author":[{"embeddable":true,"href":"https:\/\/archive.sana.sy\/es\/index.php?rest_route=\/wp\/v2\/users\/34"}],"replies":[{"embeddable":true,"href":"https:\/\/archive.sana.sy\/es\/index.php?rest_route=%2Fwp%2Fv2%2Fcomments&post=226933"}],"version-history":[{"count":0,"href":"https:\/\/archive.sana.sy\/es\/index.php?rest_route=\/wp\/v2\/posts\/226933\/revisions"}],"wp:featuredmedia":[{"embeddable":true,"href":"https:\/\/archive.sana.sy\/es\/index.php?rest_route=\/wp\/v2\/media\/226934"}],"wp:attachment":[{"href":"https:\/\/archive.sana.sy\/es\/index.php?rest_route=%2Fwp%2Fv2%2Fmedia&parent=226933"}],"wp:term":[{"taxonomy":"category","embeddable":true,"href":"https:\/\/archive.sana.sy\/es\/index.php?rest_route=%2Fwp%2Fv2%2Fcategories&post=226933"},{"taxonomy":"post_tag","embeddable":true,"href":"https:\/\/archive.sana.sy\/es\/index.php?rest_route=%2Fwp%2Fv2%2Ftags&post=226933"}],"curies":[{"name":"wp","href":"https:\/\/api.w.org\/{rel}","templated":true}]}}