{"id":226936,"date":"2022-04-02T19:26:11","date_gmt":"2022-04-02T16:26:11","guid":{"rendered":"http:\/\/107.6.182.27\/es\/?p=226936"},"modified":"2023-01-10T16:35:21","modified_gmt":"2023-01-10T14:35:21","slug":"aun-no-es-el-momento-para-volver-a-dialogar-con-los-europeos-afirma-peskov","status":"publish","type":"post","link":"https:\/\/archive.sana.sy\/es\/?p=226936","title":{"rendered":"A\u00fan no es el momento para volver a dialogar con los europeos, afirma Peskov"},"content":{"rendered":"<p style=\"text-align: justify;\"><span style=\"color: #800000;\"><strong>Mosc\u00fa, 2 abr (SANA)\u00a0<\/strong><\/span>\u00a0 El portavoz de la presidencia rusa, Dmitry Peskov, dijo hoy que a\u00fan no es el momento para retomar el di\u00e1logo con los pa\u00edses europeos debido a su persistente postura antirrusa.<\/p>\n<p style=\"text-align: justify;\">En una entrevista televisiva, Peskov dijo que \u201ccuando los europeos se despierten del estado de coma causado por Washington, y cuando se den cuenta de que el destino de nuestro continente es nuestra responsabilidad conjunta, entonces llegar\u00e1 el momento de reconsiderar nuestras relaciones y entrar en un estado de di\u00e1logo\u201d.<\/p>\n<p style=\"text-align: justify;\">\u201cLos datos muestran que esto no suceder\u00e1 en el corto plazo\u201d, agreg\u00f3.<\/p>\n<p style=\"text-align: justify;\">fm<\/p>\n","protected":false},"excerpt":{"rendered":"<p>Mosc\u00fa, 2 abr (SANA)\u00a0\u00a0 El portavoz de la presidencia rusa, Dmitry Peskov, dijo hoy que a\u00fan no es el momento para retomar el di\u00e1logo con los pa\u00edses europeos debido a su persistente postura antirrusa. En una entrevista televisiva, Peskov dijo que \u201ccuando los europeos se despierten del estado de coma causado por Washington, y cuando &hellip;<\/p>\n","protected":false},"author":34,"featured_media":226937,"comment_status":"closed","ping_status":"closed","sticky":false,"template":"","format":"standard","meta":{"footnotes":""},"categories":[597,456,7541],"tags":[],"class_list":["post-226936","post","type-post","status-publish","format-standard","has-post-thumbnail","","category-cinta-de-noticias","category-arabe-internacional-politica","category-ultimas-noticias"],"_links":{"self":[{"href":"https:\/\/archive.sana.sy\/es\/index.php?rest_route=\/wp\/v2\/posts\/226936"}],"collection":[{"href":"https:\/\/archive.sana.sy\/es\/index.php?rest_route=\/wp\/v2\/posts"}],"about":[{"href":"https:\/\/archive.sana.sy\/es\/index.php?rest_route=\/wp\/v2\/types\/post"}],"author":[{"embeddable":true,"href":"https:\/\/archive.sana.sy\/es\/index.php?rest_route=\/wp\/v2\/users\/34"}],"replies":[{"embeddable":true,"href":"https:\/\/archive.sana.sy\/es\/index.php?rest_route=%2Fwp%2Fv2%2Fcomments&post=226936"}],"version-history":[{"count":0,"href":"https:\/\/archive.sana.sy\/es\/index.php?rest_route=\/wp\/v2\/posts\/226936\/revisions"}],"wp:featuredmedia":[{"embeddable":true,"href":"https:\/\/archive.sana.sy\/es\/index.php?rest_route=\/wp\/v2\/media\/226937"}],"wp:attachment":[{"href":"https:\/\/archive.sana.sy\/es\/index.php?rest_route=%2Fwp%2Fv2%2Fmedia&parent=226936"}],"wp:term":[{"taxonomy":"category","embeddable":true,"href":"https:\/\/archive.sana.sy\/es\/index.php?rest_route=%2Fwp%2Fv2%2Fcategories&post=226936"},{"taxonomy":"post_tag","embeddable":true,"href":"https:\/\/archive.sana.sy\/es\/index.php?rest_route=%2Fwp%2Fv2%2Ftags&post=226936"}],"curies":[{"name":"wp","href":"https:\/\/api.w.org\/{rel}","templated":true}]}}