{"id":226950,"date":"2022-04-02T21:29:30","date_gmt":"2022-04-02T18:29:30","guid":{"rendered":"http:\/\/107.6.182.27\/es\/?p=226950"},"modified":"2022-04-02T21:29:30","modified_gmt":"2022-04-02T18:29:30","slug":"presidente-al-assad-y-sultan-de-oman-conversan-sobre-avances-logrados-en-las-relaciones-bilaterales","status":"publish","type":"post","link":"https:\/\/archive.sana.sy\/es\/?p=226950","title":{"rendered":"Presidente al-Assad y Sult\u00e1n de Om\u00e1n conversan sobre avances logrados en las relaciones bilaterales"},"content":{"rendered":"<p style=\"text-align: justify;\"><span style=\"color: #800000;\"><strong>Damasco, 02 abr (SANA)<\/strong> <\/span>\u00a0\u00a0El presidente Bashar al-Assad y el sult\u00e1n de Om\u00e1n, Haitham bin Tariq Al Said, sostuvieron hoy una conversaci\u00f3n telef\u00f3nica en la que intercambiaron felicitaciones por la llegada del mes del Ramad\u00e1n (mes musulm\u00e1n del ayuno).<\/p>\n<p style=\"text-align: justify;\">Ambos l\u00edderes expresaron sus deseos de prosperidad y bienestar a los pueblos de los dos pa\u00edses y tambi\u00e9n a los pueblos de los pa\u00edses \u00e1rabes e isl\u00e1micos.<\/p>\n<p style=\"text-align: justify;\">Asimismo, trataron las relaciones fraternales y la cooperaci\u00f3n bilateral, y los notables avances logrados en muchos campos.<\/p>\n<p style=\"text-align: justify;\">Al-Assad y Tariq Al Said enfatizaron la importancia de continuar el trabajo conjunto con el fin de abrir nuevas perspectivas para la cooperaci\u00f3n de manera que contribuya a fortalecer las relaciones entre los dos pueblos hermanos y lograr sus intereses.<\/p>\n<p style=\"text-align: justify;\">fm<\/p>\n<p style=\"text-align: justify;\">\n","protected":false},"excerpt":{"rendered":"<p>Damasco, 02 abr (SANA) \u00a0\u00a0El presidente Bashar al-Assad y el sult\u00e1n de Om\u00e1n, Haitham bin Tariq Al Said, sostuvieron hoy una conversaci\u00f3n telef\u00f3nica en la que intercambiaron felicitaciones por la llegada del mes del Ramad\u00e1n (mes musulm\u00e1n del ayuno). Ambos l\u00edderes expresaron sus deseos de prosperidad y bienestar a los pueblos de los dos pa\u00edses &hellip;<\/p>\n","protected":false},"author":34,"featured_media":226951,"comment_status":"closed","ping_status":"closed","sticky":false,"template":"","format":"standard","meta":{"footnotes":""},"categories":[477,447,597,628,16688,476,583,626],"tags":[],"class_list":["post-226950","post","type-post","status-publish","format-standard","has-post-thumbnail","","category-noticias-edulcorantes","category-local-politica","category-cinta-de-noticias","category-discursos","category-nacionales","category-locales","category-slide","category-sr-presidente"],"_links":{"self":[{"href":"https:\/\/archive.sana.sy\/es\/index.php?rest_route=\/wp\/v2\/posts\/226950"}],"collection":[{"href":"https:\/\/archive.sana.sy\/es\/index.php?rest_route=\/wp\/v2\/posts"}],"about":[{"href":"https:\/\/archive.sana.sy\/es\/index.php?rest_route=\/wp\/v2\/types\/post"}],"author":[{"embeddable":true,"href":"https:\/\/archive.sana.sy\/es\/index.php?rest_route=\/wp\/v2\/users\/34"}],"replies":[{"embeddable":true,"href":"https:\/\/archive.sana.sy\/es\/index.php?rest_route=%2Fwp%2Fv2%2Fcomments&post=226950"}],"version-history":[{"count":0,"href":"https:\/\/archive.sana.sy\/es\/index.php?rest_route=\/wp\/v2\/posts\/226950\/revisions"}],"wp:featuredmedia":[{"embeddable":true,"href":"https:\/\/archive.sana.sy\/es\/index.php?rest_route=\/wp\/v2\/media\/226951"}],"wp:attachment":[{"href":"https:\/\/archive.sana.sy\/es\/index.php?rest_route=%2Fwp%2Fv2%2Fmedia&parent=226950"}],"wp:term":[{"taxonomy":"category","embeddable":true,"href":"https:\/\/archive.sana.sy\/es\/index.php?rest_route=%2Fwp%2Fv2%2Fcategories&post=226950"},{"taxonomy":"post_tag","embeddable":true,"href":"https:\/\/archive.sana.sy\/es\/index.php?rest_route=%2Fwp%2Fv2%2Ftags&post=226950"}],"curies":[{"name":"wp","href":"https:\/\/api.w.org\/{rel}","templated":true}]}}