{"id":226953,"date":"2022-04-03T05:25:43","date_gmt":"2022-04-03T02:25:43","guid":{"rendered":"http:\/\/107.6.182.27\/es\/?p=226953"},"modified":"2023-01-10T16:35:21","modified_gmt":"2023-01-10T14:35:21","slug":"los-paises-de-america-latina-se-estan-alejando-de-ee-uu-mientras-aumenta-la-influencia-de-china-en-la-region","status":"publish","type":"post","link":"https:\/\/archive.sana.sy\/es\/?p=226953","title":{"rendered":"Los pa\u00edses de Am\u00e9rica Latina se est\u00e1n alejando de EE.UU., mientras aumenta la influencia de China en la regi\u00f3n"},"content":{"rendered":"<p style=\"text-align: justify;\"><span style=\"color: #800000;\"><strong>Washington, 03 abr (SANA)\u00a0<\/strong><\/span> \u00a0Funcionarios estadounidenses comentaron durante una audiencia del Subcomit\u00e9 de Relaciones Exteriores del Senado de Estados Unidos que los pa\u00edses de Am\u00e9rica Latina se est\u00e1n alejando de Washington, mientras aumenta la influencia de China en la regi\u00f3n.<\/p>\n<p style=\"text-align: justify;\">&#8220;La preocupaci\u00f3n por la creciente huella de China en la regi\u00f3n es real y est\u00e1 justificada&#8221;, asever\u00f3 Peter Natiello, representante de la Agencia de Estados Unidos para el Desarrollo Internacional (USAID).<\/p>\n<p style=\"text-align: justify;\">Agreg\u00f3, citado por RT, que &#8220;la estrategia de Pek\u00edn en el hemisferio occidental es amplia e incluye v\u00ednculos econ\u00f3micos, inversiones en infraestructura, apoyo al sector de la seguridad, programas de educaci\u00f3n e investigaci\u00f3n, as\u00ed como asistencia en caso de desastres y el covid-19&#8221;.<\/p>\n<p style=\"text-align: justify;\">A su vez, Edward Markey, senador dem\u00f3crata de Massachusetts, lament\u00f3 que el gigante asi\u00e1tico &#8220;tiene un plan&#8221;, pero Washington no lo tiene, recoge South China Morning Post.<\/p>\n<p style=\"text-align: justify;\">&#8220;China se est\u00e1 comiendo literalmente nuestro almuerzo&#8221;, expres\u00f3 por su parte Bill Hagerty, legislador republicano de Tennessee, argumentando que Am\u00e9rica Latina es el &#8220;patio trasero&#8221; y la zona de influencia de EE.UU.<\/p>\n<p style=\"text-align: justify;\">\n<p style=\"text-align: justify;\">fm<\/p>\n","protected":false},"excerpt":{"rendered":"<p>Washington, 03 abr (SANA)\u00a0 \u00a0Funcionarios estadounidenses comentaron durante una audiencia del Subcomit\u00e9 de Relaciones Exteriores del Senado de Estados Unidos que los pa\u00edses de Am\u00e9rica Latina se est\u00e1n alejando de Washington, mientras aumenta la influencia de China en la regi\u00f3n. &#8220;La preocupaci\u00f3n por la creciente huella de China en la regi\u00f3n es real y est\u00e1 &hellip;<\/p>\n","protected":false},"author":34,"featured_media":226954,"comment_status":"closed","ping_status":"closed","sticky":false,"template":"","format":"standard","meta":{"footnotes":""},"categories":[597,456,7541],"tags":[],"class_list":["post-226953","post","type-post","status-publish","format-standard","has-post-thumbnail","","category-cinta-de-noticias","category-arabe-internacional-politica","category-ultimas-noticias"],"_links":{"self":[{"href":"https:\/\/archive.sana.sy\/es\/index.php?rest_route=\/wp\/v2\/posts\/226953"}],"collection":[{"href":"https:\/\/archive.sana.sy\/es\/index.php?rest_route=\/wp\/v2\/posts"}],"about":[{"href":"https:\/\/archive.sana.sy\/es\/index.php?rest_route=\/wp\/v2\/types\/post"}],"author":[{"embeddable":true,"href":"https:\/\/archive.sana.sy\/es\/index.php?rest_route=\/wp\/v2\/users\/34"}],"replies":[{"embeddable":true,"href":"https:\/\/archive.sana.sy\/es\/index.php?rest_route=%2Fwp%2Fv2%2Fcomments&post=226953"}],"version-history":[{"count":0,"href":"https:\/\/archive.sana.sy\/es\/index.php?rest_route=\/wp\/v2\/posts\/226953\/revisions"}],"wp:featuredmedia":[{"embeddable":true,"href":"https:\/\/archive.sana.sy\/es\/index.php?rest_route=\/wp\/v2\/media\/226954"}],"wp:attachment":[{"href":"https:\/\/archive.sana.sy\/es\/index.php?rest_route=%2Fwp%2Fv2%2Fmedia&parent=226953"}],"wp:term":[{"taxonomy":"category","embeddable":true,"href":"https:\/\/archive.sana.sy\/es\/index.php?rest_route=%2Fwp%2Fv2%2Fcategories&post=226953"},{"taxonomy":"post_tag","embeddable":true,"href":"https:\/\/archive.sana.sy\/es\/index.php?rest_route=%2Fwp%2Fv2%2Ftags&post=226953"}],"curies":[{"name":"wp","href":"https:\/\/api.w.org\/{rel}","templated":true}]}}