{"id":226956,"date":"2022-04-03T05:28:54","date_gmt":"2022-04-03T02:28:54","guid":{"rendered":"http:\/\/107.6.182.27\/es\/?p=226956"},"modified":"2023-01-10T16:35:20","modified_gmt":"2023-01-10T14:35:20","slug":"peskov-la-desmilitarizacion-de-ucrania-va-segun-lo-previsto","status":"publish","type":"post","link":"https:\/\/archive.sana.sy\/es\/?p=226956","title":{"rendered":"Peskov: &#8220;la desmilitarizaci\u00f3n de Ucrania va seg\u00fan lo previsto&#8221;"},"content":{"rendered":"<p style=\"text-align: justify;\"><span style=\"color: #800000;\"><strong>Mosc\u00fa, 03 abr (SANA)<\/strong><\/span> El portavoz presidencial ruso, Dmitri Peskov, dijo hoy que las fuerzas rusas destruyeron casi por completo las capacidades militares de las fuerzas ucranianas durante su operaci\u00f3n militar especial para proteger a los residentes de Donb\u00e1s.<\/p>\n<p style=\"text-align: justify;\">&#8220;La desmilitarizaci\u00f3n va seg\u00fan lo previsto y ya que la infraestructura militar de Ucrania est\u00e1 pr\u00e1cticamente destruida, dijo Peskov en una entrevista con la cadena Belarus 1.<\/p>\n<p style=\"text-align: justify;\">En cuanto a la denazificaci\u00f3n, el vocero del Kremlin destac\u00f3 que espera que &#8220;las ideas nacionalistas se proh\u00edban en Ucrania&#8221; y que &#8220;se convierta en un pa\u00eds libre en t\u00e9rminos de flujos de informaci\u00f3n&#8221;.<\/p>\n<p style=\"text-align: justify;\">Citado por RT, el alto funcionario se\u00f1al\u00f3 que Ucrania es actualmente un pa\u00eds &#8220;complicado&#8221; y &#8220;hostil&#8221; para Rusia; y las conversaciones entre las delegaciones de Mosc\u00fa y Kiev &#8220;no son f\u00e1ciles&#8221;, pero lo m\u00e1s importante es que contin\u00faen, que a trav\u00e9s de las negociaciones las actividades militares en Ucrania lleguen a su fin, sin importar en qu\u00e9 plataforma se produzcan.<\/p>\n<p style=\"text-align: justify;\">fm<\/p>\n","protected":false},"excerpt":{"rendered":"<p>Mosc\u00fa, 03 abr (SANA) El portavoz presidencial ruso, Dmitri Peskov, dijo hoy que las fuerzas rusas destruyeron casi por completo las capacidades militares de las fuerzas ucranianas durante su operaci\u00f3n militar especial para proteger a los residentes de Donb\u00e1s. &#8220;La desmilitarizaci\u00f3n va seg\u00fan lo previsto y ya que la infraestructura militar de Ucrania est\u00e1 pr\u00e1cticamente &hellip;<\/p>\n","protected":false},"author":34,"featured_media":226957,"comment_status":"closed","ping_status":"closed","sticky":false,"template":"","format":"standard","meta":{"footnotes":""},"categories":[597,456,7541],"tags":[],"class_list":["post-226956","post","type-post","status-publish","format-standard","has-post-thumbnail","","category-cinta-de-noticias","category-arabe-internacional-politica","category-ultimas-noticias"],"_links":{"self":[{"href":"https:\/\/archive.sana.sy\/es\/index.php?rest_route=\/wp\/v2\/posts\/226956"}],"collection":[{"href":"https:\/\/archive.sana.sy\/es\/index.php?rest_route=\/wp\/v2\/posts"}],"about":[{"href":"https:\/\/archive.sana.sy\/es\/index.php?rest_route=\/wp\/v2\/types\/post"}],"author":[{"embeddable":true,"href":"https:\/\/archive.sana.sy\/es\/index.php?rest_route=\/wp\/v2\/users\/34"}],"replies":[{"embeddable":true,"href":"https:\/\/archive.sana.sy\/es\/index.php?rest_route=%2Fwp%2Fv2%2Fcomments&post=226956"}],"version-history":[{"count":0,"href":"https:\/\/archive.sana.sy\/es\/index.php?rest_route=\/wp\/v2\/posts\/226956\/revisions"}],"wp:featuredmedia":[{"embeddable":true,"href":"https:\/\/archive.sana.sy\/es\/index.php?rest_route=\/wp\/v2\/media\/226957"}],"wp:attachment":[{"href":"https:\/\/archive.sana.sy\/es\/index.php?rest_route=%2Fwp%2Fv2%2Fmedia&parent=226956"}],"wp:term":[{"taxonomy":"category","embeddable":true,"href":"https:\/\/archive.sana.sy\/es\/index.php?rest_route=%2Fwp%2Fv2%2Fcategories&post=226956"},{"taxonomy":"post_tag","embeddable":true,"href":"https:\/\/archive.sana.sy\/es\/index.php?rest_route=%2Fwp%2Fv2%2Ftags&post=226956"}],"curies":[{"name":"wp","href":"https:\/\/api.w.org\/{rel}","templated":true}]}}