{"id":226966,"date":"2022-04-03T09:59:45","date_gmt":"2022-04-03T06:59:45","guid":{"rendered":"http:\/\/107.6.182.27\/es\/?p=226966"},"modified":"2023-01-10T16:35:20","modified_gmt":"2023-01-10T14:35:20","slug":"zajarova-comenta-sobre-ataque-ucraniano-a-instalaciones-de-belgorod","status":"publish","type":"post","link":"https:\/\/archive.sana.sy\/es\/?p=226966","title":{"rendered":"Zaj\u00e1rova comenta sobre ataque ucraniano a instalaciones de Belgorod"},"content":{"rendered":"<p style=\"text-align: justify;\">Mosc\u00fa, 3 abr (SANA)\u00a0 La portavoz del Ministerio de Exteriores de Rusia, Maria Zaj\u00e1rova, anunci\u00f3 que las fuerzas ucranianas lanzaron un ataque a\u00e9reo contra dep\u00f3sitos de petr\u00f3leo en la ciudad rusa Belgorod, en la frontera con Rusia, luego de que el Departamento de Estado de EEUU llamara a sus ciudadanos a abandonar Rusia.<\/p>\n<p style=\"text-align: justify;\">En un comentario en su canal de Telegram, la vocera dijo que seis horas despu\u00e9s de que el portavoz del Departamento de Estado de EEUU, Ned Price, pidiera a los ciudadanos estadounidenses que abandonaran inmediatamente Rusia y Ucrania, dos helic\u00f3pteros Mi-24 ucranianos cruzaron la frontera rusa y atacaron sitios en Belgorod.<\/p>\n<p style=\"text-align: justify;\">Ella se pregunt\u00f3 \u00bfSab\u00eda Washington de este ataque?<\/p>\n<p style=\"text-align: justify;\">El ataque con misiles llevado a cabo por dos helic\u00f3pteros ucranianos en las afueras de la ciudad de Belgorod el pasado viernes provoc\u00f3 un incendio en dep\u00f3sitos de petr\u00f3leo.<\/p>\n<p style=\"text-align: justify;\">fm\/ws<\/p>\n","protected":false},"excerpt":{"rendered":"<p>Mosc\u00fa, 3 abr (SANA)\u00a0 La portavoz del Ministerio de Exteriores de Rusia, Maria Zaj\u00e1rova, anunci\u00f3 que las fuerzas ucranianas lanzaron un ataque a\u00e9reo contra dep\u00f3sitos de petr\u00f3leo en la ciudad rusa Belgorod, en la frontera con Rusia, luego de que el Departamento de Estado de EEUU llamara a sus ciudadanos a abandonar Rusia. En un &hellip;<\/p>\n","protected":false},"author":35,"featured_media":226967,"comment_status":"closed","ping_status":"closed","sticky":false,"template":"","format":"standard","meta":{"footnotes":""},"categories":[597,456,457,7541],"tags":[],"class_list":["post-226966","post","type-post","status-publish","format-standard","has-post-thumbnail","","category-cinta-de-noticias","category-arabe-internacional-politica","category-noticias-arabe-internacional-politica","category-ultimas-noticias"],"_links":{"self":[{"href":"https:\/\/archive.sana.sy\/es\/index.php?rest_route=\/wp\/v2\/posts\/226966"}],"collection":[{"href":"https:\/\/archive.sana.sy\/es\/index.php?rest_route=\/wp\/v2\/posts"}],"about":[{"href":"https:\/\/archive.sana.sy\/es\/index.php?rest_route=\/wp\/v2\/types\/post"}],"author":[{"embeddable":true,"href":"https:\/\/archive.sana.sy\/es\/index.php?rest_route=\/wp\/v2\/users\/35"}],"replies":[{"embeddable":true,"href":"https:\/\/archive.sana.sy\/es\/index.php?rest_route=%2Fwp%2Fv2%2Fcomments&post=226966"}],"version-history":[{"count":0,"href":"https:\/\/archive.sana.sy\/es\/index.php?rest_route=\/wp\/v2\/posts\/226966\/revisions"}],"wp:featuredmedia":[{"embeddable":true,"href":"https:\/\/archive.sana.sy\/es\/index.php?rest_route=\/wp\/v2\/media\/226967"}],"wp:attachment":[{"href":"https:\/\/archive.sana.sy\/es\/index.php?rest_route=%2Fwp%2Fv2%2Fmedia&parent=226966"}],"wp:term":[{"taxonomy":"category","embeddable":true,"href":"https:\/\/archive.sana.sy\/es\/index.php?rest_route=%2Fwp%2Fv2%2Fcategories&post=226966"},{"taxonomy":"post_tag","embeddable":true,"href":"https:\/\/archive.sana.sy\/es\/index.php?rest_route=%2Fwp%2Fv2%2Ftags&post=226966"}],"curies":[{"name":"wp","href":"https:\/\/api.w.org\/{rel}","templated":true}]}}