{"id":227032,"date":"2022-04-03T15:24:38","date_gmt":"2022-04-03T12:24:38","guid":{"rendered":"http:\/\/107.6.182.27\/es\/?p=227032"},"modified":"2023-01-10T16:35:18","modified_gmt":"2023-01-10T14:35:18","slug":"moscu-la-otan-se-convirtio-en-fuente-de-conflictos-y-crisis-para-el-mundo","status":"publish","type":"post","link":"https:\/\/archive.sana.sy\/es\/?p=227032","title":{"rendered":"Mosc\u00fa: La OTAN se convirti\u00f3 en fuente de conflictos y crisis para el mundo"},"content":{"rendered":"<p style=\"text-align: justify;\"><strong><span style=\"color: #800000;\">Mosc\u00fa, 3 abr (SANA)<\/span><\/strong>\u00a0 El vicepresidente del Consejo de la Federaci\u00f3n Rusa, Konstantin Kosachev, consider\u00f3 que la Organizaci\u00f3n del Tratado del Atl\u00e1ntico Norte \u201cOTAN\u201d se avecinaba constantemente a las l\u00edneas rojas rusas y se convirti\u00f3 en fuente de conflictos y crisis para el mundo.<\/p>\n<p style=\"text-align: justify;\">\u201cEl siglo XXI ha demostrado que la OTAN no es un garante de la seguridad para Europa sino una fuente de problemas de seguridad; y no es una soluci\u00f3n sino una fuente de crisis y conflictos al mover la Cortina de Hierro hacia el este, ya que no ampli\u00f3 el espacio para la democracia, sino que se acerc\u00f3 a nuestras l\u00edneas rojas\u201d, cit\u00f3 la agencia de noticias TASS a Kosachev.<\/p>\n<p style=\"text-align: justify;\">Los objetivos maliciosos establecidos por la OTAN de mantener a Estados Unidos en Europa, dominar a Alemania y mantener a Rusia fuera de Europa, ya se lograron.<\/p>\n<p style=\"text-align: justify;\">ed\/fm<\/p>\n","protected":false},"excerpt":{"rendered":"<p>Mosc\u00fa, 3 abr (SANA)\u00a0 El vicepresidente del Consejo de la Federaci\u00f3n Rusa, Konstantin Kosachev, consider\u00f3 que la Organizaci\u00f3n del Tratado del Atl\u00e1ntico Norte \u201cOTAN\u201d se avecinaba constantemente a las l\u00edneas rojas rusas y se convirti\u00f3 en fuente de conflictos y crisis para el mundo. \u201cEl siglo XXI ha demostrado que la OTAN no es un &hellip;<\/p>\n","protected":false},"author":32,"featured_media":227033,"comment_status":"closed","ping_status":"closed","sticky":false,"template":"","format":"standard","meta":{"footnotes":""},"categories":[597,456,7541],"tags":[],"class_list":["post-227032","post","type-post","status-publish","format-standard","has-post-thumbnail","","category-cinta-de-noticias","category-arabe-internacional-politica","category-ultimas-noticias"],"_links":{"self":[{"href":"https:\/\/archive.sana.sy\/es\/index.php?rest_route=\/wp\/v2\/posts\/227032"}],"collection":[{"href":"https:\/\/archive.sana.sy\/es\/index.php?rest_route=\/wp\/v2\/posts"}],"about":[{"href":"https:\/\/archive.sana.sy\/es\/index.php?rest_route=\/wp\/v2\/types\/post"}],"author":[{"embeddable":true,"href":"https:\/\/archive.sana.sy\/es\/index.php?rest_route=\/wp\/v2\/users\/32"}],"replies":[{"embeddable":true,"href":"https:\/\/archive.sana.sy\/es\/index.php?rest_route=%2Fwp%2Fv2%2Fcomments&post=227032"}],"version-history":[{"count":0,"href":"https:\/\/archive.sana.sy\/es\/index.php?rest_route=\/wp\/v2\/posts\/227032\/revisions"}],"wp:featuredmedia":[{"embeddable":true,"href":"https:\/\/archive.sana.sy\/es\/index.php?rest_route=\/wp\/v2\/media\/227033"}],"wp:attachment":[{"href":"https:\/\/archive.sana.sy\/es\/index.php?rest_route=%2Fwp%2Fv2%2Fmedia&parent=227032"}],"wp:term":[{"taxonomy":"category","embeddable":true,"href":"https:\/\/archive.sana.sy\/es\/index.php?rest_route=%2Fwp%2Fv2%2Fcategories&post=227032"},{"taxonomy":"post_tag","embeddable":true,"href":"https:\/\/archive.sana.sy\/es\/index.php?rest_route=%2Fwp%2Fv2%2Ftags&post=227032"}],"curies":[{"name":"wp","href":"https:\/\/api.w.org\/{rel}","templated":true}]}}