{"id":227095,"date":"2022-04-04T06:09:34","date_gmt":"2022-04-04T03:09:34","guid":{"rendered":"http:\/\/107.6.182.27\/es\/?p=227095"},"modified":"2023-01-10T16:35:16","modified_gmt":"2023-01-10T14:35:16","slug":"video-revela-que-las-fuerzas-de-kiev-atacaron-a-civiles-en-la-ciudad-de-bucha","status":"publish","type":"post","link":"https:\/\/archive.sana.sy\/es\/?p=227095","title":{"rendered":"V\u00eddeo revela que las fuerzas de Kiev atacaron a civiles en la ciudad de Bucha"},"content":{"rendered":"<p style=\"text-align: justify;\"><span style=\"color: #800000;\"><strong>Kiev, 4 abr (SANA)\u00a0<\/strong> <\/span>Un video que circula en las redes sociales muestra las fuerzas de defensa locales del r\u00e9gimen en Kiev atacando a civiles en la ciudad de Bucha, provincia de Kiev.<\/p>\n<p style=\"text-align: justify;\">Seg\u00fan Sputnik, el video, publicado por el l\u00edder de la defensa local de la regi\u00f3n de Kiev, Sergei Korotke, muestra claramente a un miembro de las fuerzas del r\u00e9gimen de Kiev dirigi\u00e9ndose a su comandante y diciendo: \u201cHay ni\u00f1os sin brazaletes azules, \u00bfpuedo dispararles?&#8221; refiri\u00e9ndose a las marcas azules distintivas de los soldados ucranianos, este \u00faltimo respondi\u00f3: &#8220;Por supuesto&#8221;.<\/p>\n<p style=\"text-align: justify;\">El Ministerio de Defensa ruso hab\u00eda negado hoy las acusaciones de que sus fuerzas mataron a civiles en Bucha y calific\u00f3 la im\u00e1genes publicadas de los cad\u00e1veres en las calles de pura provocaci\u00f3n.<\/p>\n<p style=\"text-align: justify;\">fm<\/p>\n","protected":false},"excerpt":{"rendered":"<p>Kiev, 4 abr (SANA)\u00a0 Un video que circula en las redes sociales muestra las fuerzas de defensa locales del r\u00e9gimen en Kiev atacando a civiles en la ciudad de Bucha, provincia de Kiev. Seg\u00fan Sputnik, el video, publicado por el l\u00edder de la defensa local de la regi\u00f3n de Kiev, Sergei Korotke, muestra claramente a &hellip;<\/p>\n","protected":false},"author":34,"featured_media":227096,"comment_status":"closed","ping_status":"closed","sticky":false,"template":"","format":"standard","meta":{"footnotes":""},"categories":[597,456,7541],"tags":[],"class_list":["post-227095","post","type-post","status-publish","format-standard","has-post-thumbnail","","category-cinta-de-noticias","category-arabe-internacional-politica","category-ultimas-noticias"],"_links":{"self":[{"href":"https:\/\/archive.sana.sy\/es\/index.php?rest_route=\/wp\/v2\/posts\/227095"}],"collection":[{"href":"https:\/\/archive.sana.sy\/es\/index.php?rest_route=\/wp\/v2\/posts"}],"about":[{"href":"https:\/\/archive.sana.sy\/es\/index.php?rest_route=\/wp\/v2\/types\/post"}],"author":[{"embeddable":true,"href":"https:\/\/archive.sana.sy\/es\/index.php?rest_route=\/wp\/v2\/users\/34"}],"replies":[{"embeddable":true,"href":"https:\/\/archive.sana.sy\/es\/index.php?rest_route=%2Fwp%2Fv2%2Fcomments&post=227095"}],"version-history":[{"count":0,"href":"https:\/\/archive.sana.sy\/es\/index.php?rest_route=\/wp\/v2\/posts\/227095\/revisions"}],"wp:featuredmedia":[{"embeddable":true,"href":"https:\/\/archive.sana.sy\/es\/index.php?rest_route=\/wp\/v2\/media\/227096"}],"wp:attachment":[{"href":"https:\/\/archive.sana.sy\/es\/index.php?rest_route=%2Fwp%2Fv2%2Fmedia&parent=227095"}],"wp:term":[{"taxonomy":"category","embeddable":true,"href":"https:\/\/archive.sana.sy\/es\/index.php?rest_route=%2Fwp%2Fv2%2Fcategories&post=227095"},{"taxonomy":"post_tag","embeddable":true,"href":"https:\/\/archive.sana.sy\/es\/index.php?rest_route=%2Fwp%2Fv2%2Ftags&post=227095"}],"curies":[{"name":"wp","href":"https:\/\/api.w.org\/{rel}","templated":true}]}}