{"id":227101,"date":"2022-04-04T10:57:22","date_gmt":"2022-04-04T07:57:22","guid":{"rendered":"http:\/\/107.6.182.27\/es\/?p=227101"},"modified":"2022-04-04T12:02:40","modified_gmt":"2022-04-04T09:02:40","slug":"cuando-siria-respondera-a-los-ataques-israeli-y-cual-es-la-reaccion-de-rusia-al-respecto-la-asesora-presidencial-siria-responde","status":"publish","type":"post","link":"https:\/\/archive.sana.sy\/es\/?p=227101","title":{"rendered":"\u00bfCu\u00e1ndo Siria responder\u00e1 a los ataques israel\u00ed y cu\u00e1l es la reacci\u00f3n de Rusia al respecto?, la asesora presidencial siria responde"},"content":{"rendered":"<p style=\"text-align: justify;\"><span style=\"color: #800000;\"><strong>Damasco, 4 abr (SANA)<\/strong><\/span> En una entrevista con la BBC en \u00e1rabe, la asesora especial de la Presidencia de Siria, Luna Al-Shibl, coment\u00f3 sobre los ataques israel\u00edes contra Siria y la respuesta y reacci\u00f3n rusa al respecto.<\/p>\n<p style=\"text-align: justify;\">\u201cEl uso de armas entre dos pa\u00edses se rige por el acuerdo existente entre ambos y no depende de caprichos, demandas y gritos personales\u201d, dijo Al-Shibl, y explic\u00f3 que el acuerdo firmado entre Siria y Rusia estipula que Mosc\u00fa ayude a Damasco en la lucha contra el terrorismo, y no hay ninguna cl\u00e1usula en este acuerdo que habla de la protecci\u00f3n de las fronteras.<\/p>\n<p style=\"text-align: justify;\">\u201cNo hay ning\u00fan pa\u00eds ni partido que pueda librar una guerra por Siria\u201d, aclar\u00f3 la funcionaria.<\/p>\n<p style=\"text-align: justify;\">Aclar\u00f3 que en lo pol\u00edtico, Rusia no ha escatimado esfuerzos y no ha dejado de comunicarse con \u201cIsrael\u201d que es una entidad usurpadora, ocupante y mentirosa\u2026<\/p>\n<p style=\"text-align: justify;\">\u201cSeamos claros\u2026 Rusia no se ha quedado callada a nivel pol\u00edtico y diplom\u00e1tico hacia las agresiones israel\u00edes, pero a nivel militar, ese no es su papel\u201d, precis\u00f3.<\/p>\n<p style=\"text-align: justify;\">Al-Shibl agreg\u00f3 que \u201cSiria tiene derecho a responder a los ataques israel\u00edes, pero la respuesta de un Estado deber ser de acuerdo con las circunstancias que considere apropiadas y en el momento y lugar apropiados, y cuando ve que esa respuesta le beneficiar\u00e1 y no al rev\u00e9s\u201d.<\/p>\n<p style=\"text-align: justify;\">Durante once a\u00f1os, Siria libr\u00f3 una guerra contra las organizaciones terroristas apoyadas log\u00edstica, militar y pol\u00edticamente por \u201cIsrael\u201d, y los terroristas sol\u00edan regresar a ella para recibir tratamiento y entrenamiento, y regresar luego a Siria para ejercer su terrorismo, asever\u00f3 la asesora y a\u00f1adi\u00f3 que \u201cas\u00ed est\u00e1bamos combatiendo de una forma u otra a \u201cIsrael\u201d a trav\u00e9s de estas herramientas\u201d.<\/p>\n<p style=\"text-align: justify;\">Detall\u00f3 que cuando Siria comenz\u00f3 a derrotar al terrorismo y a liberar las regiones, &#8220;Israel&#8221; se vio obligado a entrar y lanzar ataques directos para salvar a sus herramientas terroristas.<\/p>\n<p style=\"text-align: justify;\">fm<\/p>\n","protected":false},"excerpt":{"rendered":"<p>Damasco, 4 abr (SANA) En una entrevista con la BBC en \u00e1rabe, la asesora especial de la Presidencia de Siria, Luna Al-Shibl, coment\u00f3 sobre los ataques israel\u00edes contra Siria y la respuesta y reacci\u00f3n rusa al respecto. \u201cEl uso de armas entre dos pa\u00edses se rige por el acuerdo existente entre ambos y no depende &hellip;<\/p>\n","protected":false},"author":34,"featured_media":227104,"comment_status":"closed","ping_status":"closed","sticky":false,"template":"","format":"standard","meta":{"footnotes":""},"categories":[447,477,597,476,457,583],"tags":[],"class_list":["post-227101","post","type-post","status-publish","format-standard","has-post-thumbnail","","category-local-politica","category-noticias-edulcorantes","category-cinta-de-noticias","category-locales","category-noticias-arabe-internacional-politica","category-slide"],"_links":{"self":[{"href":"https:\/\/archive.sana.sy\/es\/index.php?rest_route=\/wp\/v2\/posts\/227101"}],"collection":[{"href":"https:\/\/archive.sana.sy\/es\/index.php?rest_route=\/wp\/v2\/posts"}],"about":[{"href":"https:\/\/archive.sana.sy\/es\/index.php?rest_route=\/wp\/v2\/types\/post"}],"author":[{"embeddable":true,"href":"https:\/\/archive.sana.sy\/es\/index.php?rest_route=\/wp\/v2\/users\/34"}],"replies":[{"embeddable":true,"href":"https:\/\/archive.sana.sy\/es\/index.php?rest_route=%2Fwp%2Fv2%2Fcomments&post=227101"}],"version-history":[{"count":0,"href":"https:\/\/archive.sana.sy\/es\/index.php?rest_route=\/wp\/v2\/posts\/227101\/revisions"}],"wp:featuredmedia":[{"embeddable":true,"href":"https:\/\/archive.sana.sy\/es\/index.php?rest_route=\/wp\/v2\/media\/227104"}],"wp:attachment":[{"href":"https:\/\/archive.sana.sy\/es\/index.php?rest_route=%2Fwp%2Fv2%2Fmedia&parent=227101"}],"wp:term":[{"taxonomy":"category","embeddable":true,"href":"https:\/\/archive.sana.sy\/es\/index.php?rest_route=%2Fwp%2Fv2%2Fcategories&post=227101"},{"taxonomy":"post_tag","embeddable":true,"href":"https:\/\/archive.sana.sy\/es\/index.php?rest_route=%2Fwp%2Fv2%2Ftags&post=227101"}],"curies":[{"name":"wp","href":"https:\/\/api.w.org\/{rel}","templated":true}]}}