{"id":227105,"date":"2022-04-04T09:44:50","date_gmt":"2022-04-04T06:44:50","guid":{"rendered":"http:\/\/107.6.182.27\/es\/?p=227105"},"modified":"2023-01-10T16:35:15","modified_gmt":"2023-01-10T14:35:15","slug":"zajarova-lo-sucedido-en-bucha-busca-escalar-la-violencia-y-frustrar-las-negociaciones-de-paz","status":"publish","type":"post","link":"https:\/\/archive.sana.sy\/es\/?p=227105","title":{"rendered":"Zaj\u00e1rova: Lo sucedido en Bucha busca escalar la violencia y frustrar las negociaciones de paz"},"content":{"rendered":"<p style=\"text-align: justify;\"><strong><span style=\"color: #800000;\">Mosc\u00fa, 4 abr (SANA)<\/span><\/strong>\u00a0 La portavoz del Ministerio de Exteriores de Rusia, Mar\u00eda Zaj\u00e1rova dijo que las declaraciones de los pa\u00edses occidentales sobre las im\u00e1genes obtenidas en la localidad ucraniana de Bucha, en las inmediaciones de Kiev, llevan a sospechar que Occidente est\u00e1 implicado en la historia.<\/p>\n<p style=\"text-align: justify;\">&#8220;En este caso, creo que solo el hecho de que estas declaraciones se hicieron en los primeros minutos despu\u00e9s de la aparici\u00f3n de los materiales no deja duda sobre qui\u00e9n encarg\u00f3 la historia&#8221;, dijo la vocera rusa citada por RT.<\/p>\n<p style=\"text-align: justify;\">La portavoz rusa denunci\u00f3 que, pese a la falta de dict\u00e1menes de expertos o cualquier otra informaci\u00f3n, Occidente &#8220;ya est\u00e1 listo para culpar de todo&#8221; a Rusia.<\/p>\n<p style=\"text-align: justify;\">Seg\u00fan subray\u00f3 en su cuenta de Telegram, &#8220;el significado del nuevo crimen del r\u00e9gimen de Kiev es frustrar las negociaciones de paz y escalar la violencia&#8221;.<\/p>\n<p style=\"text-align: justify;\">El Ministerio de Defensa de Rusia tach\u00f3 de &#8220;provocaci\u00f3n&#8221; las im\u00e1genes que muestran cad\u00e1veres de civiles en las calles de Bucha y denunci\u00f3 que se trata de una &#8220;escenificaci\u00f3n&#8221; creada &#8220;para los medios de comunicaci\u00f3n occidentales&#8221;.<\/p>\n<p style=\"text-align: justify;\"><em><strong>fm\/ws<\/strong><\/em><\/p>\n","protected":false},"excerpt":{"rendered":"<p>Mosc\u00fa, 4 abr (SANA)\u00a0 La portavoz del Ministerio de Exteriores de Rusia, Mar\u00eda Zaj\u00e1rova dijo que las declaraciones de los pa\u00edses occidentales sobre las im\u00e1genes obtenidas en la localidad ucraniana de Bucha, en las inmediaciones de Kiev, llevan a sospechar que Occidente est\u00e1 implicado en la historia. &#8220;En este caso, creo que solo el hecho &hellip;<\/p>\n","protected":false},"author":35,"featured_media":227106,"comment_status":"closed","ping_status":"closed","sticky":false,"template":"","format":"standard","meta":{"footnotes":""},"categories":[597,456,457,7541],"tags":[],"class_list":["post-227105","post","type-post","status-publish","format-standard","has-post-thumbnail","","category-cinta-de-noticias","category-arabe-internacional-politica","category-noticias-arabe-internacional-politica","category-ultimas-noticias"],"_links":{"self":[{"href":"https:\/\/archive.sana.sy\/es\/index.php?rest_route=\/wp\/v2\/posts\/227105"}],"collection":[{"href":"https:\/\/archive.sana.sy\/es\/index.php?rest_route=\/wp\/v2\/posts"}],"about":[{"href":"https:\/\/archive.sana.sy\/es\/index.php?rest_route=\/wp\/v2\/types\/post"}],"author":[{"embeddable":true,"href":"https:\/\/archive.sana.sy\/es\/index.php?rest_route=\/wp\/v2\/users\/35"}],"replies":[{"embeddable":true,"href":"https:\/\/archive.sana.sy\/es\/index.php?rest_route=%2Fwp%2Fv2%2Fcomments&post=227105"}],"version-history":[{"count":0,"href":"https:\/\/archive.sana.sy\/es\/index.php?rest_route=\/wp\/v2\/posts\/227105\/revisions"}],"wp:featuredmedia":[{"embeddable":true,"href":"https:\/\/archive.sana.sy\/es\/index.php?rest_route=\/wp\/v2\/media\/227106"}],"wp:attachment":[{"href":"https:\/\/archive.sana.sy\/es\/index.php?rest_route=%2Fwp%2Fv2%2Fmedia&parent=227105"}],"wp:term":[{"taxonomy":"category","embeddable":true,"href":"https:\/\/archive.sana.sy\/es\/index.php?rest_route=%2Fwp%2Fv2%2Fcategories&post=227105"},{"taxonomy":"post_tag","embeddable":true,"href":"https:\/\/archive.sana.sy\/es\/index.php?rest_route=%2Fwp%2Fv2%2Ftags&post=227105"}],"curies":[{"name":"wp","href":"https:\/\/api.w.org\/{rel}","templated":true}]}}