{"id":227110,"date":"2022-04-04T10:41:34","date_gmt":"2022-04-04T07:41:34","guid":{"rendered":"http:\/\/107.6.182.27\/es\/?p=227110"},"modified":"2022-04-04T10:41:34","modified_gmt":"2022-04-04T07:41:34","slug":"defensa-ruso-confirma-la-destruccion-de-tres-helicopteros-de-las-fuerzas-armadas-ucranianas-como-resultado-del-ataque-del-dia-3-de-abril-contra-el-aerodromo-de-balovnoye-en-las-afueras-de-nikolaev","status":"publish","type":"post","link":"https:\/\/archive.sana.sy\/es\/?p=227110","title":{"rendered":"Defensa ruso confirma la destrucci\u00f3n de tres helic\u00f3pteros de las fuerzas armadas ucranianas como resultado del ataque del d\u00eda 3 de abril contra el aer\u00f3dromo de Balovnoye, en las afueras de Nikolaev."},"content":{"rendered":"","protected":false},"excerpt":{"rendered":"","protected":false},"author":32,"featured_media":0,"comment_status":"closed","ping_status":"closed","sticky":false,"template":"","format":"standard","meta":{"footnotes":""},"categories":[596],"tags":[],"class_list":["post-227110","post","type-post","status-publish","format-standard","","category-urgente"],"_links":{"self":[{"href":"https:\/\/archive.sana.sy\/es\/index.php?rest_route=\/wp\/v2\/posts\/227110"}],"collection":[{"href":"https:\/\/archive.sana.sy\/es\/index.php?rest_route=\/wp\/v2\/posts"}],"about":[{"href":"https:\/\/archive.sana.sy\/es\/index.php?rest_route=\/wp\/v2\/types\/post"}],"author":[{"embeddable":true,"href":"https:\/\/archive.sana.sy\/es\/index.php?rest_route=\/wp\/v2\/users\/32"}],"replies":[{"embeddable":true,"href":"https:\/\/archive.sana.sy\/es\/index.php?rest_route=%2Fwp%2Fv2%2Fcomments&post=227110"}],"version-history":[{"count":0,"href":"https:\/\/archive.sana.sy\/es\/index.php?rest_route=\/wp\/v2\/posts\/227110\/revisions"}],"wp:attachment":[{"href":"https:\/\/archive.sana.sy\/es\/index.php?rest_route=%2Fwp%2Fv2%2Fmedia&parent=227110"}],"wp:term":[{"taxonomy":"category","embeddable":true,"href":"https:\/\/archive.sana.sy\/es\/index.php?rest_route=%2Fwp%2Fv2%2Fcategories&post=227110"},{"taxonomy":"post_tag","embeddable":true,"href":"https:\/\/archive.sana.sy\/es\/index.php?rest_route=%2Fwp%2Fv2%2Ftags&post=227110"}],"curies":[{"name":"wp","href":"https:\/\/api.w.org\/{rel}","templated":true}]}}