{"id":22744,"date":"2015-05-06T22:34:56","date_gmt":"2015-05-06T19:34:56","guid":{"rendered":"http:\/\/www.sana.sy\/es\/?p=22744"},"modified":"2015-05-06T22:34:56","modified_gmt":"2015-05-06T19:34:56","slug":"delegacion-de-la-olp-y-las-facciones-palestinas-buscan-una-solucion-a-la-crisis-del-yarmouk","status":"publish","type":"post","link":"https:\/\/archive.sana.sy\/es\/?p=22744","title":{"rendered":"Delegaci\u00f3n de la OLP, y las facciones palestinas buscan una soluci\u00f3n a la crisis del Yarmouk"},"content":{"rendered":"<p><span style=\"color: #0000ff\">Damasco-SANA<\/span><\/p>\n<p style=\"text-align: justify\">La delegaci\u00f3n de la Organizaci\u00f3n de Liberaci\u00f3n de Palestina (OLP) discuti\u00f3 con representantes de las facciones palestinas en Damasco la forma de c\u00f3mo mantener una postura palestina unificada, la b\u00fasqueda de una soluci\u00f3n a la crisis en el campamento de Yarmouk, en particular despu\u00e9s de la infiltraci\u00f3n de organizaciones terroristas al campamento y el desplazamiento de un gran n\u00famero de sus residentes.<\/p>\n<p style=\"text-align: justify\">EL director del Bur\u00f3 Pol\u00edtico de la OLP, Anwar Abdul-Hadi, dijo en una declaraci\u00f3n a SANA: &#8220;Se est\u00e1 trabajando para garantizar alimentos, material sanitario para las personas desplazadas fuera del campamento, adem\u00e1s de la entrega de ayuda humanitaria a aquellos que a\u00fan viven en su interior, en cooperaci\u00f3n con el gobierno sirio\u201d.<\/p>\n<p style=\"text-align: justify\">Abdul-Hadi, ha se\u00f1alado el compromiso de los palestinos a tener una postura unificada respecto a la crisis en Siria, diciendo que la delegaci\u00f3n ha hecho conversaciones constructivas con varios funcionarios sirios que afirmaban que el ej\u00e9rcito sirio no entrar\u00e1 en el campamento.<\/p>\n<p style=\"text-align: justify\">Es de se\u00f1alar que, El vicecanciller, Dr. Faisal al-Mekdad, se reuni\u00f3 con la delegaci\u00f3n visitante el martes, afirmando que el gobierno sirio est\u00e1 haciendo todo lo posible para aliviar el sufrimiento de la gente del campamento al- Yarmouk, y que el gobierno proporcion\u00f3 refugio y ayuda a las personas que huyeron del campamento e incluso entreg\u00f3 la ayuda a los que se quedaron en su interior.<\/p>\n<p><span style=\"color: #800000\">M.Miri, Riad.Sh<\/span><\/p>\n","protected":false},"excerpt":{"rendered":"<p>Damasco-SANA La delegaci\u00f3n de la Organizaci\u00f3n de Liberaci\u00f3n de Palestina (OLP) discuti\u00f3 con representantes de las facciones palestinas en Damasco la forma de c\u00f3mo mantener una postura palestina unificada, la b\u00fasqueda de una soluci\u00f3n a la crisis en el campamento de Yarmouk, en particular despu\u00e9s de la infiltraci\u00f3n de organizaciones terroristas al campamento y el &hellip;<\/p>\n","protected":false},"author":1,"featured_media":22745,"comment_status":"closed","ping_status":"closed","sticky":false,"template":"","format":"standard","meta":{"footnotes":""},"categories":[457,576],"tags":[5147,5148],"class_list":["post-22744","post","type-post","status-publish","format-standard","has-post-thumbnail","","category-noticias-arabe-internacional-politica","category-noticias-politicas","tag-delegacion-de-la-olp","tag-y-las-facciones-palestinas-buscan-una-solucion-a-la-crisis-del-yarmouk"],"_links":{"self":[{"href":"https:\/\/archive.sana.sy\/es\/index.php?rest_route=\/wp\/v2\/posts\/22744"}],"collection":[{"href":"https:\/\/archive.sana.sy\/es\/index.php?rest_route=\/wp\/v2\/posts"}],"about":[{"href":"https:\/\/archive.sana.sy\/es\/index.php?rest_route=\/wp\/v2\/types\/post"}],"author":[{"embeddable":true,"href":"https:\/\/archive.sana.sy\/es\/index.php?rest_route=\/wp\/v2\/users\/1"}],"replies":[{"embeddable":true,"href":"https:\/\/archive.sana.sy\/es\/index.php?rest_route=%2Fwp%2Fv2%2Fcomments&post=22744"}],"version-history":[{"count":0,"href":"https:\/\/archive.sana.sy\/es\/index.php?rest_route=\/wp\/v2\/posts\/22744\/revisions"}],"wp:featuredmedia":[{"embeddable":true,"href":"https:\/\/archive.sana.sy\/es\/index.php?rest_route=\/wp\/v2\/media\/22745"}],"wp:attachment":[{"href":"https:\/\/archive.sana.sy\/es\/index.php?rest_route=%2Fwp%2Fv2%2Fmedia&parent=22744"}],"wp:term":[{"taxonomy":"category","embeddable":true,"href":"https:\/\/archive.sana.sy\/es\/index.php?rest_route=%2Fwp%2Fv2%2Fcategories&post=22744"},{"taxonomy":"post_tag","embeddable":true,"href":"https:\/\/archive.sana.sy\/es\/index.php?rest_route=%2Fwp%2Fv2%2Ftags&post=22744"}],"curies":[{"name":"wp","href":"https:\/\/api.w.org\/{rel}","templated":true}]}}