{"id":22747,"date":"2015-05-06T22:59:45","date_gmt":"2015-05-06T19:59:45","guid":{"rendered":"http:\/\/www.sana.sy\/es\/?p=22747"},"modified":"2015-05-06T22:59:45","modified_gmt":"2015-05-06T19:59:45","slug":"periodista-francesa-cerca-de-140-mujeres-francesas-se-han-unido-a-daesh-en-siria","status":"publish","type":"post","link":"https:\/\/archive.sana.sy\/es\/?p=22747","title":{"rendered":"Periodista francesa: Cerca de 140 mujeres francesas se han unido a \u201cDaesh\u201d en Siria"},"content":{"rendered":"<p><span style=\"color: #0000ff\">Paris-SANA<\/span><\/p>\n<p style=\"text-align: justify\">La periodista francesa Marie Emily dijo que alrededor de 140 mujeres francesas se han unido a los grupos terroristas en Siria.<\/p>\n<p style=\"text-align: justify\">En un art\u00edculo publicado en el diario franc\u00e9s \u00abLe Figaro\u00bb, Emily Marie destac\u00f3 que el n\u00famero de mujeres en el territorio de Siria, es un tercio del n\u00famero total de los terroristas de Francia, entre ellos 26 menores de edad. La organizaci\u00f3n terrorista \u201cDaesh\u201d sigue atrayendo a las ni\u00f1as y j\u00f3venes de Francia a Siria, prometi\u00e9ndoles una vida dulce.<\/p>\n<p style=\"text-align: justify\">Experto franc\u00e9s en el Islam contempor\u00e1neo, Jean-Pierre Phil, dijo que las mujeres desempe\u00f1an un papel de liderazgo en las redes sociales para atraer a los j\u00f3venes a las filas de las organizaciones terroristas. Seg\u00fan \u00c9l, en 2014 \u201cDesh\u201d comenz\u00f3 a desarrollar una estrategia en relaci\u00f3n con las mujeres occidentales, cuyo objetivo es volver a la educaci\u00f3n de mercenarios extranjeros para evitar que salgan de la zona de combate.<\/p>\n<p><span style=\"color: #800000\">M.Miri<\/span><\/p>\n","protected":false},"excerpt":{"rendered":"<p>Paris-SANA La periodista francesa Marie Emily dijo que alrededor de 140 mujeres francesas se han unido a los grupos terroristas en Siria. En un art\u00edculo publicado en el diario franc\u00e9s \u00abLe Figaro\u00bb, Emily Marie destac\u00f3 que el n\u00famero de mujeres en el territorio de Siria, es un tercio del n\u00famero total de los terroristas de &hellip;<\/p>\n","protected":false},"author":1,"featured_media":22749,"comment_status":"closed","ping_status":"closed","sticky":false,"template":"","format":"standard","meta":{"footnotes":""},"categories":[555],"tags":[5149],"class_list":["post-22747","post","type-post","status-publish","format-standard","has-post-thumbnail","","category-prensa","tag-periodista-francesa-cerca-de-140-mujeres-francesas-se-han-unido-a-daesh-en-siria"],"_links":{"self":[{"href":"https:\/\/archive.sana.sy\/es\/index.php?rest_route=\/wp\/v2\/posts\/22747"}],"collection":[{"href":"https:\/\/archive.sana.sy\/es\/index.php?rest_route=\/wp\/v2\/posts"}],"about":[{"href":"https:\/\/archive.sana.sy\/es\/index.php?rest_route=\/wp\/v2\/types\/post"}],"author":[{"embeddable":true,"href":"https:\/\/archive.sana.sy\/es\/index.php?rest_route=\/wp\/v2\/users\/1"}],"replies":[{"embeddable":true,"href":"https:\/\/archive.sana.sy\/es\/index.php?rest_route=%2Fwp%2Fv2%2Fcomments&post=22747"}],"version-history":[{"count":0,"href":"https:\/\/archive.sana.sy\/es\/index.php?rest_route=\/wp\/v2\/posts\/22747\/revisions"}],"wp:featuredmedia":[{"embeddable":true,"href":"https:\/\/archive.sana.sy\/es\/index.php?rest_route=\/wp\/v2\/media\/22749"}],"wp:attachment":[{"href":"https:\/\/archive.sana.sy\/es\/index.php?rest_route=%2Fwp%2Fv2%2Fmedia&parent=22747"}],"wp:term":[{"taxonomy":"category","embeddable":true,"href":"https:\/\/archive.sana.sy\/es\/index.php?rest_route=%2Fwp%2Fv2%2Fcategories&post=22747"},{"taxonomy":"post_tag","embeddable":true,"href":"https:\/\/archive.sana.sy\/es\/index.php?rest_route=%2Fwp%2Fv2%2Ftags&post=22747"}],"curies":[{"name":"wp","href":"https:\/\/api.w.org\/{rel}","templated":true}]}}