{"id":22754,"date":"2015-05-07T12:39:35","date_gmt":"2015-05-07T09:39:35","guid":{"rendered":"http:\/\/sana.sy\/es\/?p=22754"},"modified":"2015-05-07T12:39:35","modified_gmt":"2015-05-07T09:39:35","slug":"le-pen-los-lideres-de-la-ue-y-ee-uu-son-responsables-de-la-inestabilidad-en-siria","status":"publish","type":"post","link":"https:\/\/archive.sana.sy\/es\/?p=22754","title":{"rendered":"Le Pen: los l\u00edderes de la UE y EE.UU. son responsables de la inestabilidad en Siria"},"content":{"rendered":"<div><span style=\"color: #ff0000\">Praga, SANA<\/span><\/div>\n<div><span lang=\"ES-TRAD\">\u00a0<\/span><\/div>\n<div><span lang=\"ES-TRAD\">La presidenta del partido Frente Nacional en Francia, Marine Le Pen, dijo que los l\u00edderes de la Uni\u00f3n Europea y de Estados Unidos son responsables de la inestabilidad que vive Oriente Medio, en particular en Siria y Libia, y son responsables tambi\u00e9n de provocar &#8220;una ola de inmigraci\u00f3n ilegal hacia Europa.&#8221;<\/span><\/div>\n<div><span lang=\"ES-TRAD\">\u00a0<\/span><\/div>\n<div><span lang=\"ES-TRAD\">La afirmaci\u00f3n de Le Pen tuvo lugar durante su discurso pronunciado en una conferencia en la capital checa Praga bajo el t\u00edtulo &#8220;la paz y la prosperidad de la Uni\u00f3n Europea&#8221;.<\/span><\/div>\n<div><span lang=\"ES-TRAD\">\u00a0<\/span><\/div>\n<div><span lang=\"ES-TRAD\">Le Pen describi\u00f3 a la Uni\u00f3n Europea de una locura pol\u00edtica que se oculta detr\u00e1s de las falsas consignas de democracia.<\/span><\/div>\n<div><span lang=\"ES-TRAD\">\u00a0<\/span><\/div>\n<div><span lang=\"ES-TRAD\">Tambi\u00e9n, hizo alusi\u00f3n a la mayor amenaza desde el final de la Segunda Guerra Mundial en 1945, en referencia a las organizaciones terroristas takfiristas.<\/span><\/div>\n<div><\/div>\n<div><span style=\"color: #00ccff\">Fady M., Hala B.<\/span><\/div>\n","protected":false},"excerpt":{"rendered":"<p>Praga, SANA \u00a0 La presidenta del partido Frente Nacional en Francia, Marine Le Pen, dijo que los l\u00edderes de la Uni\u00f3n Europea y de Estados Unidos son responsables de la inestabilidad que vive Oriente Medio, en particular en Siria y Libia, y son responsables tambi\u00e9n de provocar &#8220;una ola de inmigraci\u00f3n ilegal hacia Europa.&#8221; \u00a0 &hellip;<\/p>\n","protected":false},"author":1,"featured_media":22755,"comment_status":"closed","ping_status":"closed","sticky":false,"template":"","format":"standard","meta":{"footnotes":""},"categories":[456,576],"tags":[5150],"class_list":["post-22754","post","type-post","status-publish","format-standard","has-post-thumbnail","","category-arabe-internacional-politica","category-noticias-politicas","tag-le-pen-los-lideres-de-la-ue-y-ee-uu-son-responsables-de-la-inestabilidad-en-siria"],"_links":{"self":[{"href":"https:\/\/archive.sana.sy\/es\/index.php?rest_route=\/wp\/v2\/posts\/22754"}],"collection":[{"href":"https:\/\/archive.sana.sy\/es\/index.php?rest_route=\/wp\/v2\/posts"}],"about":[{"href":"https:\/\/archive.sana.sy\/es\/index.php?rest_route=\/wp\/v2\/types\/post"}],"author":[{"embeddable":true,"href":"https:\/\/archive.sana.sy\/es\/index.php?rest_route=\/wp\/v2\/users\/1"}],"replies":[{"embeddable":true,"href":"https:\/\/archive.sana.sy\/es\/index.php?rest_route=%2Fwp%2Fv2%2Fcomments&post=22754"}],"version-history":[{"count":0,"href":"https:\/\/archive.sana.sy\/es\/index.php?rest_route=\/wp\/v2\/posts\/22754\/revisions"}],"wp:featuredmedia":[{"embeddable":true,"href":"https:\/\/archive.sana.sy\/es\/index.php?rest_route=\/wp\/v2\/media\/22755"}],"wp:attachment":[{"href":"https:\/\/archive.sana.sy\/es\/index.php?rest_route=%2Fwp%2Fv2%2Fmedia&parent=22754"}],"wp:term":[{"taxonomy":"category","embeddable":true,"href":"https:\/\/archive.sana.sy\/es\/index.php?rest_route=%2Fwp%2Fv2%2Fcategories&post=22754"},{"taxonomy":"post_tag","embeddable":true,"href":"https:\/\/archive.sana.sy\/es\/index.php?rest_route=%2Fwp%2Fv2%2Ftags&post=22754"}],"curies":[{"name":"wp","href":"https:\/\/api.w.org\/{rel}","templated":true}]}}