{"id":22757,"date":"2015-05-07T12:41:33","date_gmt":"2015-05-07T09:41:33","guid":{"rendered":"http:\/\/sana.sy\/es\/?p=22757"},"modified":"2015-05-07T12:41:33","modified_gmt":"2015-05-07T09:41:33","slug":"abdullahyn-los-ataques-terroristas-contra-siria-dejaran-impactos-negativos-en-la-region","status":"publish","type":"post","link":"https:\/\/archive.sana.sy\/es\/?p=22757","title":{"rendered":"Abdullahyn: los ataques terroristas contra Siria dejar\u00e1n impactos negativos en la regi\u00f3n"},"content":{"rendered":"<div><span style=\"color: #ff0000\">Teher\u00e1n, SANA<\/span><\/div>\n<div><\/div>\n<div><span lang=\"ES\">El asistente de ministro de Exteriores iran\u00ed para Asuntos \u00c1rabes y Africanos, Hussein Amir Abdullahyan, afirm\u00f3 que cualquier negligencia hacia los ataques de las organizaciones terroristas contra Siria y Yemen dejar\u00e1 impactos negativos sobre Irak y toda la regi\u00f3n, llamando a los Estados de la regi\u00f3n a reflexionar en la seguridad colectiva.<\/span><\/div>\n<div><\/div>\n<div><span lang=\"ES\">Abdullhian dijo que Ir\u00e1n apoya a un Irak unido e independiente a base de su constituci\u00f3n, y le apoya fuertemente en su guerra contra el terrorismo, a\u00f1adiendo que Teher\u00e1n ofrece ayudas a todos los componentes del pueblo iraqu\u00ed en su batalla contra el terrorismo, destacando que la seguridad del Irak es un clave para la seguridad y la estabilidad de toda la regi\u00f3n.<\/span><\/div>\n<div><\/div>\n<div><span lang=\"ES\">El funcionario iran\u00ed manifest\u00f3 tambi\u00e9n que la inseguridad en cualquiera de los pa\u00edses de la regi\u00f3n se considera como inseguridad para toda la regi\u00f3n.<\/span><\/div>\n<div><\/div>\n<div><span lang=\"ES\">Por \u00faltimo, indic\u00f3 que Teher\u00e1n aplica su papel activamente al realizar la paz y la seguridad permanentes y acoge con satisfacci\u00f3n la consulta y una eficaz cooperaci\u00f3n con los pa\u00edses de la regi\u00f3n.<\/span><\/div>\n<div><\/div>\n<div><span style=\"color: #00ccff\">Hala B., Fady M.<\/span><\/div>\n<div class=\"yj6qo ajU\">\n<div id=\":r4\" class=\"ajR\"><img decoding=\"async\" class=\"ajT\" src=\"https:\/\/ssl.gstatic.com\/ui\/v1\/icons\/mail\/images\/cleardot.gif\" alt=\"\" \/><\/div>\n<\/div>\n","protected":false},"excerpt":{"rendered":"<p>Teher\u00e1n, SANA El asistente de ministro de Exteriores iran\u00ed para Asuntos \u00c1rabes y Africanos, Hussein Amir Abdullahyan, afirm\u00f3 que cualquier negligencia hacia los ataques de las organizaciones terroristas contra Siria y Yemen dejar\u00e1 impactos negativos sobre Irak y toda la regi\u00f3n, llamando a los Estados de la regi\u00f3n a reflexionar en la seguridad colectiva. Abdullhian &hellip;<\/p>\n","protected":false},"author":1,"featured_media":22758,"comment_status":"closed","ping_status":"closed","sticky":false,"template":"","format":"standard","meta":{"footnotes":""},"categories":[456,576],"tags":[5151],"class_list":["post-22757","post","type-post","status-publish","format-standard","has-post-thumbnail","","category-arabe-internacional-politica","category-noticias-politicas","tag-abdullahyn-los-ataques-terroristas-contra-siria-dejaran-impactos-negativos-en-la-region"],"_links":{"self":[{"href":"https:\/\/archive.sana.sy\/es\/index.php?rest_route=\/wp\/v2\/posts\/22757"}],"collection":[{"href":"https:\/\/archive.sana.sy\/es\/index.php?rest_route=\/wp\/v2\/posts"}],"about":[{"href":"https:\/\/archive.sana.sy\/es\/index.php?rest_route=\/wp\/v2\/types\/post"}],"author":[{"embeddable":true,"href":"https:\/\/archive.sana.sy\/es\/index.php?rest_route=\/wp\/v2\/users\/1"}],"replies":[{"embeddable":true,"href":"https:\/\/archive.sana.sy\/es\/index.php?rest_route=%2Fwp%2Fv2%2Fcomments&post=22757"}],"version-history":[{"count":0,"href":"https:\/\/archive.sana.sy\/es\/index.php?rest_route=\/wp\/v2\/posts\/22757\/revisions"}],"wp:featuredmedia":[{"embeddable":true,"href":"https:\/\/archive.sana.sy\/es\/index.php?rest_route=\/wp\/v2\/media\/22758"}],"wp:attachment":[{"href":"https:\/\/archive.sana.sy\/es\/index.php?rest_route=%2Fwp%2Fv2%2Fmedia&parent=22757"}],"wp:term":[{"taxonomy":"category","embeddable":true,"href":"https:\/\/archive.sana.sy\/es\/index.php?rest_route=%2Fwp%2Fv2%2Fcategories&post=22757"},{"taxonomy":"post_tag","embeddable":true,"href":"https:\/\/archive.sana.sy\/es\/index.php?rest_route=%2Fwp%2Fv2%2Ftags&post=22757"}],"curies":[{"name":"wp","href":"https:\/\/api.w.org\/{rel}","templated":true}]}}