{"id":227591,"date":"2022-04-07T17:07:33","date_gmt":"2022-04-07T14:07:33","guid":{"rendered":"http:\/\/107.6.182.27\/es\/?p=227591"},"modified":"2022-04-07T20:42:20","modified_gmt":"2022-04-07T17:42:20","slug":"maraton-en-siria-por-el-dia-mundial-de-la-salud-fotos","status":"publish","type":"post","link":"https:\/\/archive.sana.sy\/es\/?p=227591","title":{"rendered":"Marat\u00f3n en Siria por el D\u00eda Mundial de la Salud (+fotos)"},"content":{"rendered":"<p style=\"text-align: justify;\"><strong>Damasco, 7 abr (SANA)<\/strong>\u00a0 Bajo el lema \u201cNuestro Planeta es Nuestra Salud\u201d se realiz\u00f3 un marat\u00f3n organizado por la Facultad de Ciencias de la Salud de la Universidad de Damasco con motivo del D\u00eda Mundial de la Salud.<\/p>\n<p style=\"text-align: justify;\">Miles de j\u00f3venes partieron desde sede de la universidad en el barrio de Al-Baramkeh hasta llegar la Plaza Omeya y la rotonda Mouwasat.<\/p>\n<div id='gallery-1' class='gallery galleryid-227591 gallery-columns-1 gallery-size-full'><figure class='gallery-item'>\n\t\t\t<div class='gallery-icon landscape'>\n\t\t\t\t<a href='https:\/\/archive.sana.sy\/es\/?attachment_id=227593'><img loading=\"lazy\" decoding=\"async\" width=\"2560\" height=\"1332\" src=\"https:\/\/archive.sana.sy\/es\/wp-content\/uploads\/2022\/04\/01-1-scaled.jpg\" class=\"attachment-full size-full\" alt=\"\" srcset=\"https:\/\/archive.sana.sy\/es\/wp-content\/uploads\/2022\/04\/01-1-scaled.jpg 2560w, https:\/\/archive.sana.sy\/es\/wp-content\/uploads\/2022\/04\/01-1-300x156.jpg 300w, https:\/\/archive.sana.sy\/es\/wp-content\/uploads\/2022\/04\/01-1-1024x533.jpg 1024w, https:\/\/archive.sana.sy\/es\/wp-content\/uploads\/2022\/04\/01-1-150x78.jpg 150w, https:\/\/archive.sana.sy\/es\/wp-content\/uploads\/2022\/04\/01-1-768x400.jpg 768w, https:\/\/archive.sana.sy\/es\/wp-content\/uploads\/2022\/04\/01-1-1536x799.jpg 1536w, https:\/\/archive.sana.sy\/es\/wp-content\/uploads\/2022\/04\/01-1-2048x1066.jpg 2048w\" sizes=\"(max-width: 2560px) 100vw, 2560px\" \/><\/a>\n\t\t\t<\/div><\/figure><figure class='gallery-item'>\n\t\t\t<div class='gallery-icon landscape'>\n\t\t\t\t<a href='https:\/\/archive.sana.sy\/es\/?attachment_id=227594'><img loading=\"lazy\" decoding=\"async\" width=\"2560\" height=\"1347\" src=\"https:\/\/archive.sana.sy\/es\/wp-content\/uploads\/2022\/04\/01-11-scaled.jpg\" class=\"attachment-full size-full\" alt=\"\" srcset=\"https:\/\/archive.sana.sy\/es\/wp-content\/uploads\/2022\/04\/01-11-scaled.jpg 2560w, https:\/\/archive.sana.sy\/es\/wp-content\/uploads\/2022\/04\/01-11-300x158.jpg 300w, https:\/\/archive.sana.sy\/es\/wp-content\/uploads\/2022\/04\/01-11-1024x539.jpg 1024w, https:\/\/archive.sana.sy\/es\/wp-content\/uploads\/2022\/04\/01-11-150x79.jpg 150w, https:\/\/archive.sana.sy\/es\/wp-content\/uploads\/2022\/04\/01-11-768x404.jpg 768w, https:\/\/archive.sana.sy\/es\/wp-content\/uploads\/2022\/04\/01-11-1536x808.jpg 1536w, https:\/\/archive.sana.sy\/es\/wp-content\/uploads\/2022\/04\/01-11-2048x1077.jpg 2048w\" sizes=\"(max-width: 2560px) 100vw, 2560px\" \/><\/a>\n\t\t\t<\/div><\/figure><figure class='gallery-item'>\n\t\t\t<div class='gallery-icon landscape'>\n\t\t\t\t<a href='https:\/\/archive.sana.sy\/es\/?attachment_id=227595'><img loading=\"lazy\" decoding=\"async\" width=\"2560\" height=\"1324\" src=\"https:\/\/archive.sana.sy\/es\/wp-content\/uploads\/2022\/04\/01-13-scaled.jpg\" class=\"attachment-full size-full\" alt=\"\" srcset=\"https:\/\/archive.sana.sy\/es\/wp-content\/uploads\/2022\/04\/01-13-scaled.jpg 2560w, https:\/\/archive.sana.sy\/es\/wp-content\/uploads\/2022\/04\/01-13-300x155.jpg 300w, https:\/\/archive.sana.sy\/es\/wp-content\/uploads\/2022\/04\/01-13-1024x529.jpg 1024w, https:\/\/archive.sana.sy\/es\/wp-content\/uploads\/2022\/04\/01-13-150x78.jpg 150w, https:\/\/archive.sana.sy\/es\/wp-content\/uploads\/2022\/04\/01-13-768x397.jpg 768w, https:\/\/archive.sana.sy\/es\/wp-content\/uploads\/2022\/04\/01-13-1536x794.jpg 1536w, https:\/\/archive.sana.sy\/es\/wp-content\/uploads\/2022\/04\/01-13-2048x1059.jpg 2048w\" sizes=\"(max-width: 2560px) 100vw, 2560px\" \/><\/a>\n\t\t\t<\/div><\/figure><figure class='gallery-item'>\n\t\t\t<div class='gallery-icon landscape'>\n\t\t\t\t<a href='https:\/\/archive.sana.sy\/es\/?attachment_id=227596'><img loading=\"lazy\" decoding=\"async\" width=\"2560\" height=\"1344\" src=\"https:\/\/archive.sana.sy\/es\/wp-content\/uploads\/2022\/04\/01-scaled.jpg\" class=\"attachment-full size-full\" alt=\"\" srcset=\"https:\/\/archive.sana.sy\/es\/wp-content\/uploads\/2022\/04\/01-scaled.jpg 2560w, https:\/\/archive.sana.sy\/es\/wp-content\/uploads\/2022\/04\/01-300x157.jpg 300w, https:\/\/archive.sana.sy\/es\/wp-content\/uploads\/2022\/04\/01-1024x538.jpg 1024w, https:\/\/archive.sana.sy\/es\/wp-content\/uploads\/2022\/04\/01-150x79.jpg 150w, https:\/\/archive.sana.sy\/es\/wp-content\/uploads\/2022\/04\/01-768x403.jpg 768w, https:\/\/archive.sana.sy\/es\/wp-content\/uploads\/2022\/04\/01-1536x806.jpg 1536w, https:\/\/archive.sana.sy\/es\/wp-content\/uploads\/2022\/04\/01-2048x1075.jpg 2048w\" sizes=\"(max-width: 2560px) 100vw, 2560px\" \/><\/a>\n\t\t\t<\/div><\/figure><figure class='gallery-item'>\n\t\t\t<div class='gallery-icon landscape'>\n\t\t\t\t<a href='https:\/\/archive.sana.sy\/es\/?attachment_id=227597'><img loading=\"lazy\" decoding=\"async\" width=\"2560\" height=\"1438\" src=\"https:\/\/archive.sana.sy\/es\/wp-content\/uploads\/2022\/04\/04-scaled.jpg\" class=\"attachment-full size-full\" alt=\"\" srcset=\"https:\/\/archive.sana.sy\/es\/wp-content\/uploads\/2022\/04\/04-scaled.jpg 2560w, https:\/\/archive.sana.sy\/es\/wp-content\/uploads\/2022\/04\/04-300x169.jpg 300w, https:\/\/archive.sana.sy\/es\/wp-content\/uploads\/2022\/04\/04-1024x575.jpg 1024w, https:\/\/archive.sana.sy\/es\/wp-content\/uploads\/2022\/04\/04-150x84.jpg 150w, https:\/\/archive.sana.sy\/es\/wp-content\/uploads\/2022\/04\/04-768x431.jpg 768w, https:\/\/archive.sana.sy\/es\/wp-content\/uploads\/2022\/04\/04-1536x863.jpg 1536w, https:\/\/archive.sana.sy\/es\/wp-content\/uploads\/2022\/04\/04-2048x1150.jpg 2048w\" sizes=\"(max-width: 2560px) 100vw, 2560px\" \/><\/a>\n\t\t\t<\/div><\/figure><figure class='gallery-item'>\n\t\t\t<div class='gallery-icon landscape'>\n\t\t\t\t<a href='https:\/\/archive.sana.sy\/es\/?attachment_id=227598'><img loading=\"lazy\" decoding=\"async\" width=\"2560\" height=\"1371\" src=\"https:\/\/archive.sana.sy\/es\/wp-content\/uploads\/2022\/04\/08-scaled.jpg\" class=\"attachment-full size-full\" alt=\"\" srcset=\"https:\/\/archive.sana.sy\/es\/wp-content\/uploads\/2022\/04\/08-scaled.jpg 2560w, https:\/\/archive.sana.sy\/es\/wp-content\/uploads\/2022\/04\/08-300x161.jpg 300w, https:\/\/archive.sana.sy\/es\/wp-content\/uploads\/2022\/04\/08-1024x549.jpg 1024w, https:\/\/archive.sana.sy\/es\/wp-content\/uploads\/2022\/04\/08-150x80.jpg 150w, https:\/\/archive.sana.sy\/es\/wp-content\/uploads\/2022\/04\/08-768x411.jpg 768w, https:\/\/archive.sana.sy\/es\/wp-content\/uploads\/2022\/04\/08-1536x823.jpg 1536w, https:\/\/archive.sana.sy\/es\/wp-content\/uploads\/2022\/04\/08-2048x1097.jpg 2048w, https:\/\/archive.sana.sy\/es\/wp-content\/uploads\/2022\/04\/08-310x165.jpg 310w\" sizes=\"(max-width: 2560px) 100vw, 2560px\" \/><\/a>\n\t\t\t<\/div><\/figure>\n\t\t<\/div>\n\n<p style=\"text-align: justify;\"><em><span style=\"color: #333333;\"><strong>ws\/fm<\/strong><\/span><\/em><\/p>\n","protected":false},"excerpt":{"rendered":"<p>Damasco, 7 abr (SANA)\u00a0 Bajo el lema \u201cNuestro Planeta es Nuestra Salud\u201d se realiz\u00f3 un marat\u00f3n organizado por la Facultad de Ciencias de la Salud de la Universidad de Damasco con motivo del D\u00eda Mundial de la Salud. Miles de j\u00f3venes partieron desde sede de la universidad en el barrio de Al-Baramkeh hasta llegar la &hellip;<\/p>\n","protected":false},"author":35,"featured_media":227592,"comment_status":"closed","ping_status":"closed","sticky":false,"template":"","format":"standard","meta":{"footnotes":""},"categories":[477,447,597,476,7541],"tags":[],"class_list":["post-227591","post","type-post","status-publish","format-standard","has-post-thumbnail","","category-noticias-edulcorantes","category-local-politica","category-cinta-de-noticias","category-locales","category-ultimas-noticias"],"_links":{"self":[{"href":"https:\/\/archive.sana.sy\/es\/index.php?rest_route=\/wp\/v2\/posts\/227591"}],"collection":[{"href":"https:\/\/archive.sana.sy\/es\/index.php?rest_route=\/wp\/v2\/posts"}],"about":[{"href":"https:\/\/archive.sana.sy\/es\/index.php?rest_route=\/wp\/v2\/types\/post"}],"author":[{"embeddable":true,"href":"https:\/\/archive.sana.sy\/es\/index.php?rest_route=\/wp\/v2\/users\/35"}],"replies":[{"embeddable":true,"href":"https:\/\/archive.sana.sy\/es\/index.php?rest_route=%2Fwp%2Fv2%2Fcomments&post=227591"}],"version-history":[{"count":0,"href":"https:\/\/archive.sana.sy\/es\/index.php?rest_route=\/wp\/v2\/posts\/227591\/revisions"}],"wp:featuredmedia":[{"embeddable":true,"href":"https:\/\/archive.sana.sy\/es\/index.php?rest_route=\/wp\/v2\/media\/227592"}],"wp:attachment":[{"href":"https:\/\/archive.sana.sy\/es\/index.php?rest_route=%2Fwp%2Fv2%2Fmedia&parent=227591"}],"wp:term":[{"taxonomy":"category","embeddable":true,"href":"https:\/\/archive.sana.sy\/es\/index.php?rest_route=%2Fwp%2Fv2%2Fcategories&post=227591"},{"taxonomy":"post_tag","embeddable":true,"href":"https:\/\/archive.sana.sy\/es\/index.php?rest_route=%2Fwp%2Fv2%2Ftags&post=227591"}],"curies":[{"name":"wp","href":"https:\/\/api.w.org\/{rel}","templated":true}]}}