{"id":22760,"date":"2015-05-07T23:01:15","date_gmt":"2015-05-07T20:01:15","guid":{"rendered":"http:\/\/sana.sy\/es\/?p=22760"},"modified":"2015-05-08T14:57:20","modified_gmt":"2015-05-08T11:57:20","slug":"bandas-terroristas-sufren-bajas-en-operativos-antiterroristas-del-ejercito","status":"publish","type":"post","link":"https:\/\/archive.sana.sy\/es\/?p=22760","title":{"rendered":"Bandas terroristas sufren bajas en operativos antiterroristas del ej\u00e9rcito"},"content":{"rendered":"<p><span style=\"color: #800000\">Provincias, SANA<\/span><\/p>\n<p>Unidades de las fuerzas armadas han continuado sus operativos de persecuci\u00f3n contra los grupos terroristas en varias zonas del territorio nacional.<\/p>\n<p><span style=\"color: #0000ff\">Damasco-Campo<\/span><\/p>\n<p>Las fuerzas armadas llevaron a cabo varias ofensivas contra los zulos de las organizaciones terroristas en las monta\u00f1as de Qalamoun.<\/p>\n<p>Las ofensivas terminaron con la toma de control de varias colinas situadas en las llanuras del poblado de Esal Ward, as\u00ed como fueron abatidos numerosos terroristas del frente al-Nusra y devastados sus veh\u00edculos y pertrechos b\u00e9licos.<\/p>\n<p>En paralelo, una unidad del ej\u00e9rcito arras\u00f3 con refugios de terroristas junto a los terroristas que estaban en los mismos en las llanuras del poblado de Mshrfeh.<\/p>\n<p><span style=\"color: #0000ff\">Sweida<\/span><\/p>\n<p>En el campo norte de la provincia de Sweida, una unidad del ej\u00e9rcito realiz\u00f3 operativos contra refugios de terroristas en la zona de Talul al-Fiddin ubicada al oeste de la regi\u00f3n de Asfar, lo que caus\u00f3 la muerte de numerosos mercenarios y la destrucci\u00f3n de sus herramientas criminales.<\/p>\n<p>Asimismo, los soldados del ej\u00e9rcito cortaron en colaboraci\u00f3n con las Fuerzas de Defensa Popular, las l\u00edneas de suministro de los terroristas en las zonas des\u00e9rticas del campo de Sweida.<\/p>\n<p>En el mismo contexto, una unidad del ej\u00e9rcito arras\u00f3 anoche, en una emboscada cerca del pueblo de al-Khalidiya en el campo norte\u00f1o de Sweida a decenas de terroristas que trataban de trasladar armas y municiones del desierto y la zona de Allayat hacia\u00a0el campo de Damasco.<\/p>\n<p>En este operativo, el ej\u00e9rcito les confisc\u00f3 a los terroristas diferentes tipos de armas de fabricaci\u00f3n estadounidense e israel\u00ed, entre ellas un misil TOW y un misil LAW, RPG, lanza proyectiles antiblindaje, granadas y grandes cantidades de municiones.<\/p>\n<p>Asimismo ocuparon motocicletas usadas por los terroristas para trasladar armas de la zona de Allayat al desierto en el campo norte\u00f1o de Sweida.<\/p>\n<p><span style=\"color: #0000ff\">Deraa<\/span><\/p>\n<p>Las FFAA continuaron este jueves sus operativos en los campos norte y noroeste de Deraa.<\/p>\n<p>En este contexto, una fuente militar revel\u00f3 que unidades del ej\u00e9rcito bombardearon refugios del Frente de al-Nousra en los pueblos de Zamrin y Salmin en el campo noroeste, logrando infligir bajas y heridos en sus filas.<\/p>\n<p>Asimismo, las FFAA asestaron duros golpes a posiciones de terroristas en el pueblo de Kafar Shams en el campo norte\u00f1o de la provincia.<\/p>\n<p>En estos operativos, los terroristas del Frente de al-Nousra y el llamado \u201cMovimiento Isl\u00e1mico de Muzanna\u201d sufrieron numerosas bajas e importantes p\u00e9rdidas materiales.<\/p>\n<p>A todo ello, la organizaci\u00f3n del Frente de al-Nousra admiti\u00f3 por sus p\u00e1ginas web haber perdido 19 de sus terroristas en el campo de Deraa.<\/p>\n<p>Tambi\u00e9n, fuentes militares confirmaron la muerte\u00a0 de numerosos terroristas a manos de los soldados del ej\u00e9rcito una serie de operaciones llevada a cabo en la localidad de Kherbet Gazale y la estaci\u00f3n de gasolina Iman al noreste de Derra.<\/p>\n<p><span style=\"color: #0000ff\">Quneitra<\/span><\/p>\n<p>En paralelo, Una unidad del ej\u00e9rcito lanz\u00f3 operativos contra posiciones de terroristas del Frente de al-Nousra en el pueblo Masharah adyacente a la provincia de Deraa, donde dej\u00f3 muertos y lesionados a numerosos terroristas.<\/p>\n<p><span style=\"color: #0000ff\">Hama e Idleb<\/span><\/p>\n<p>En paralelo, numerosos terroristas resultaron abatidos en operativos del ej\u00e9rcito en la periferia del pueblo de al-Sarmaniya en el campo noroeste de Hama, seg\u00fan inform\u00f3 una fuente militar.<\/p>\n<p>La misma fuente a\u00f1adi\u00f3 que decenas de terroristas del Frente de al-Nousra, y otras organizaciones afiliadas al mismo fueron aniquilados a manos del ej\u00e9rcito en la periferia de los pueblos de Ishtabrak y Ghaniya en el campo de Jisser Al Shughur.<\/p>\n<p>Asimismo revel\u00f3 que la serie de operativos realizados en los susodichos pueblos capacitaron al ej\u00e9rcito de ampliar su dominio en el \u00e1rea.<\/p>\n<p>Tambi\u00e9n a\u00f1adi\u00f3 que una unidad del ej\u00e9rcito elimin\u00f3 a mercenarios extranjeros del Frente de al-Nousra en el pueblo de al-Mualaka a unos 4 km de la ciudad de Jisser Al Shughur.<\/p>\n<p><span style=\"color: #0000ff\">Homs<\/span><\/p>\n<p>En el campo este de la provincia central, las FFAA acabaron con terroristas del Estado Isl\u00e1mico en los pueblo de Rayem al-Qasser, Um Sahriy y al-Msheirfe al-Yanubiye.<\/p>\n<p>Seg\u00fan una fuente militar las fuerzas a\u00e9reas arrasaron con varios veh\u00edculos de terroristas cerca del yacimiento petrol\u00edfero de Yazal, Qunietrat, Salim y Abu Salasel en la campi\u00f1a de la provincia. Las incursiones adem\u00e1s, dejaron a decenas de terroristas del estado isl\u00e1mico DAESH, entre muertos o heridos.<\/p>\n<p><span style=\"color: #0000ff\">Latakia<\/span><\/p>\n<p>En el campo norte\u00f1o de Latakia, las FFAA realizaron operativos contra posiciones de terroristas del Frente de al-Nousra y el llamado \u201cMovimiento Isl\u00e1mico de los Libre de Shaam\u201d en los pueblos de Marey Khokha, Yeb al-Ahmar, y la localidad de Salma cercanos de la frontera con Turqu\u00eda.<\/p>\n<p>Los operativos dejaron abatidos a numerosos terroristas y destruyeron a veh\u00edculos artillados, morteros y lanzamisiles suyos.<\/p>\n<p>Asimismo, las FFAA avanzaron en sus operativos en la zona de la cumbre de Nabi Younes despu\u00e9s de haber reforzado sus posiciones en las \u00e1reas recuperadas ayer en la periferia de Markashliya e Yeb al-Ahmar.<\/p>\n<p><span style=\"color: #0000ff\">Alepo<\/span><\/p>\n<p>En la provincia norte\u00f1a de Alepo, unidades de las fuerzas armadas derribaron un avi\u00f3n esp\u00eda no tripulado y devastaron un veh\u00edculo blindado y otro equipado con ametralladora as\u00ed como abatieron a un n\u00famero indeterminado de terroristas en las afueras de la academia de la fuerza a\u00e9rea en el campo de Alepo.<\/p>\n<p>Una fuente militar inform\u00f3 que los aviones de las fuerzas a\u00e9reas llevaron a cabo varias incursiones contra los refugios de DAESH. Donde fueron arrasados decenas de veh\u00edculos de la organizaci\u00f3n terrorista del Estado Isl\u00e1mico y eliminados numerosos de sus elementos en los alrededores de la academia de la fuerza a\u00e9rea.<\/p>\n<p><span style=\"color: #800000\">Armas confiscadas a los terroristas en Sweida<\/span><\/p>\n<div id='gallery-1' class='gallery galleryid-22760 gallery-columns-3 gallery-size-thumbnail'><figure class='gallery-item'>\n\t\t\t<div class='gallery-icon landscape'>\n\t\t\t\t<a href='https:\/\/archive.sana.sy\/es\/wp-content\/uploads\/2015\/05\/armas-confiscadas-en-Sweida-2.jpg'><img loading=\"lazy\" decoding=\"async\" width=\"150\" height=\"100\" src=\"https:\/\/archive.sana.sy\/es\/wp-content\/uploads\/2015\/05\/armas-confiscadas-en-Sweida-2-150x100.jpg\" class=\"attachment-thumbnail size-thumbnail\" alt=\"\" srcset=\"https:\/\/archive.sana.sy\/es\/wp-content\/uploads\/2015\/05\/armas-confiscadas-en-Sweida-2-150x100.jpg 150w, https:\/\/archive.sana.sy\/es\/wp-content\/uploads\/2015\/05\/armas-confiscadas-en-Sweida-2-300x200.jpg 300w, https:\/\/archive.sana.sy\/es\/wp-content\/uploads\/2015\/05\/armas-confiscadas-en-Sweida-2-1024x681.jpg 1024w\" sizes=\"(max-width: 150px) 100vw, 150px\" \/><\/a>\n\t\t\t<\/div><\/figure><figure class='gallery-item'>\n\t\t\t<div class='gallery-icon landscape'>\n\t\t\t\t<a href='https:\/\/archive.sana.sy\/es\/wp-content\/uploads\/2015\/05\/armas-confiscadas-Sweida-3.jpg'><img loading=\"lazy\" decoding=\"async\" width=\"150\" height=\"93\" src=\"https:\/\/archive.sana.sy\/es\/wp-content\/uploads\/2015\/05\/armas-confiscadas-Sweida-3-150x93.jpg\" class=\"attachment-thumbnail size-thumbnail\" alt=\"\" srcset=\"https:\/\/archive.sana.sy\/es\/wp-content\/uploads\/2015\/05\/armas-confiscadas-Sweida-3-150x93.jpg 150w, https:\/\/archive.sana.sy\/es\/wp-content\/uploads\/2015\/05\/armas-confiscadas-Sweida-3-300x187.jpg 300w, https:\/\/archive.sana.sy\/es\/wp-content\/uploads\/2015\/05\/armas-confiscadas-Sweida-3-1024x637.jpg 1024w\" sizes=\"(max-width: 150px) 100vw, 150px\" \/><\/a>\n\t\t\t<\/div><\/figure>\n\t\t<\/div>\n\n<p>&nbsp;<\/p>\n<p>Hala B., Fady M., Lynn A.\/Y.K.<\/p>\n","protected":false},"excerpt":{"rendered":"<p>Provincias, SANA Unidades de las fuerzas armadas han continuado sus operativos de persecuci\u00f3n contra los grupos terroristas en varias zonas del territorio nacional. Damasco-Campo Las fuerzas armadas llevaron a cabo varias ofensivas contra los zulos de las organizaciones terroristas en las monta\u00f1as de Qalamoun. Las ofensivas terminaron con la toma de control de varias colinas &hellip;<\/p>\n","protected":false},"author":1,"featured_media":22806,"comment_status":"closed","ping_status":"closed","sticky":false,"template":"","format":"standard","meta":{"footnotes":""},"categories":[573],"tags":[5152],"class_list":["post-22760","post","type-post","status-publish","format-standard","has-post-thumbnail","","category-la-realidad-de-los-acontecimientos-en-siria","tag-bandas-terroristas-sufren-bajas-en-operativos-antiterroristas-del-ejercito"],"_links":{"self":[{"href":"https:\/\/archive.sana.sy\/es\/index.php?rest_route=\/wp\/v2\/posts\/22760"}],"collection":[{"href":"https:\/\/archive.sana.sy\/es\/index.php?rest_route=\/wp\/v2\/posts"}],"about":[{"href":"https:\/\/archive.sana.sy\/es\/index.php?rest_route=\/wp\/v2\/types\/post"}],"author":[{"embeddable":true,"href":"https:\/\/archive.sana.sy\/es\/index.php?rest_route=\/wp\/v2\/users\/1"}],"replies":[{"embeddable":true,"href":"https:\/\/archive.sana.sy\/es\/index.php?rest_route=%2Fwp%2Fv2%2Fcomments&post=22760"}],"version-history":[{"count":0,"href":"https:\/\/archive.sana.sy\/es\/index.php?rest_route=\/wp\/v2\/posts\/22760\/revisions"}],"wp:featuredmedia":[{"embeddable":true,"href":"https:\/\/archive.sana.sy\/es\/index.php?rest_route=\/wp\/v2\/media\/22806"}],"wp:attachment":[{"href":"https:\/\/archive.sana.sy\/es\/index.php?rest_route=%2Fwp%2Fv2%2Fmedia&parent=22760"}],"wp:term":[{"taxonomy":"category","embeddable":true,"href":"https:\/\/archive.sana.sy\/es\/index.php?rest_route=%2Fwp%2Fv2%2Fcategories&post=22760"},{"taxonomy":"post_tag","embeddable":true,"href":"https:\/\/archive.sana.sy\/es\/index.php?rest_route=%2Fwp%2Fv2%2Ftags&post=22760"}],"curies":[{"name":"wp","href":"https:\/\/api.w.org\/{rel}","templated":true}]}}