{"id":227641,"date":"2022-04-07T15:18:47","date_gmt":"2022-04-07T12:18:47","guid":{"rendered":"http:\/\/107.6.182.27\/es\/?p=227641"},"modified":"2023-01-10T16:35:03","modified_gmt":"2023-01-10T14:35:03","slug":"francia-intenta-evacuar-a-los-mercenarios-extranjeros-de-mariupol","status":"publish","type":"post","link":"https:\/\/archive.sana.sy\/es\/?p=227641","title":{"rendered":"Francia intenta evacuar a los mercenarios extranjeros de Mari\u00fapol"},"content":{"rendered":"<p style=\"text-align: justify;\"><span style=\"color: #000000;\"><strong>Donetsk, 07 abr (SANA)\u00a0 <\/strong><\/span>El portavoz de las Fuerzas Populares de la Rep\u00fablica de Donetsk, Eduard Basurin, declar\u00f3 hoy que Francia est\u00e1 trabajando para evacuar a los combatientes del r\u00e9gimen ucraniano de Mari\u00fapol.<\/p>\n<p style=\"text-align: justify;\">Bsurin resalt\u00f3 que entre esos mercenarios hay muchos extranjeros.<\/p>\n<p style=\"text-align: justify;\">&#8220;Los franceses no solo est\u00e1n tratando de sacar a los mercenarios heridos, que son muchos en Mari\u00fapol, sino que a\u00fan tratan bajo diferentes pretextos sacar a personas de ah\u00ed&#8221;, dijo Basurin en una entrevista televisiva hoy.<\/p>\n<p style=\"text-align: justify;\">Esta declaraci\u00f3n fue en respuesta a una pregunta sobre si hay inteligencia extranjeros en Mari\u00fapol.<\/p>\n<p style=\"text-align: justify;\"><em><strong>ah\/fm<\/strong><\/em><\/p>\n","protected":false},"excerpt":{"rendered":"<p>Donetsk, 07 abr (SANA)\u00a0 El portavoz de las Fuerzas Populares de la Rep\u00fablica de Donetsk, Eduard Basurin, declar\u00f3 hoy que Francia est\u00e1 trabajando para evacuar a los combatientes del r\u00e9gimen ucraniano de Mari\u00fapol. Bsurin resalt\u00f3 que entre esos mercenarios hay muchos extranjeros. &#8220;Los franceses no solo est\u00e1n tratando de sacar a los mercenarios heridos, que &hellip;<\/p>\n","protected":false},"author":30,"featured_media":227642,"comment_status":"closed","ping_status":"closed","sticky":false,"template":"","format":"standard","meta":{"footnotes":""},"categories":[597,456],"tags":[],"class_list":["post-227641","post","type-post","status-publish","format-standard","has-post-thumbnail","","category-cinta-de-noticias","category-arabe-internacional-politica"],"_links":{"self":[{"href":"https:\/\/archive.sana.sy\/es\/index.php?rest_route=\/wp\/v2\/posts\/227641"}],"collection":[{"href":"https:\/\/archive.sana.sy\/es\/index.php?rest_route=\/wp\/v2\/posts"}],"about":[{"href":"https:\/\/archive.sana.sy\/es\/index.php?rest_route=\/wp\/v2\/types\/post"}],"author":[{"embeddable":true,"href":"https:\/\/archive.sana.sy\/es\/index.php?rest_route=\/wp\/v2\/users\/30"}],"replies":[{"embeddable":true,"href":"https:\/\/archive.sana.sy\/es\/index.php?rest_route=%2Fwp%2Fv2%2Fcomments&post=227641"}],"version-history":[{"count":0,"href":"https:\/\/archive.sana.sy\/es\/index.php?rest_route=\/wp\/v2\/posts\/227641\/revisions"}],"wp:featuredmedia":[{"embeddable":true,"href":"https:\/\/archive.sana.sy\/es\/index.php?rest_route=\/wp\/v2\/media\/227642"}],"wp:attachment":[{"href":"https:\/\/archive.sana.sy\/es\/index.php?rest_route=%2Fwp%2Fv2%2Fmedia&parent=227641"}],"wp:term":[{"taxonomy":"category","embeddable":true,"href":"https:\/\/archive.sana.sy\/es\/index.php?rest_route=%2Fwp%2Fv2%2Fcategories&post=227641"},{"taxonomy":"post_tag","embeddable":true,"href":"https:\/\/archive.sana.sy\/es\/index.php?rest_route=%2Fwp%2Fv2%2Ftags&post=227641"}],"curies":[{"name":"wp","href":"https:\/\/api.w.org\/{rel}","templated":true}]}}