{"id":227647,"date":"2022-04-07T15:53:52","date_gmt":"2022-04-07T12:53:52","guid":{"rendered":"http:\/\/107.6.182.27\/es\/?p=227647"},"modified":"2023-01-10T16:35:03","modified_gmt":"2023-01-10T14:35:03","slug":"nueva-jornada-de-agresiones-de-los-colonos-israelies-contra-la-sagrada-mezquita-al-aqsa","status":"publish","type":"post","link":"https:\/\/archive.sana.sy\/es\/?p=227647","title":{"rendered":"Nueva jornada de agresiones de los colonos israel\u00edes contra la sagrada mezquita al-Aqsa"},"content":{"rendered":"<p style=\"text-align: justify;\"><strong>Jerusal\u00e9n ocupada, 07 abr (SANA) <\/strong>Decenas de colonos israel\u00edes asaltaron la mezquita Al-Aqsa en la ciudad ocupada de Jerusal\u00e9n.<\/p>\n<p style=\"text-align: justify;\">Los medios de comunicaci\u00f3n palestinos informaron que 90 colonos sionistas irrumpieron en al-Aqsa desde la Puerta del Esti\u00e9rcol y realizaron recorridos provocativos por sus patios bajo fuerte protecci\u00f3n de las fuerzas de ocupaci\u00f3n.<\/p>\n<p style=\"text-align: justify;\">La v\u00edspera, 83 colonos irrumpieron en el mismo lugar sagrado en una provocaci\u00f3n a los fieles palestinos durante el mes de Ramad\u00e1n.<\/p>\n<p style=\"text-align: justify;\"><em><strong>ah\/fm<\/strong><\/em><\/p>\n","protected":false},"excerpt":{"rendered":"<p>Jerusal\u00e9n ocupada, 07 abr (SANA) Decenas de colonos israel\u00edes asaltaron la mezquita Al-Aqsa en la ciudad ocupada de Jerusal\u00e9n. Los medios de comunicaci\u00f3n palestinos informaron que 90 colonos sionistas irrumpieron en al-Aqsa desde la Puerta del Esti\u00e9rcol y realizaron recorridos provocativos por sus patios bajo fuerte protecci\u00f3n de las fuerzas de ocupaci\u00f3n. La v\u00edspera, 83 &hellip;<\/p>\n","protected":false},"author":30,"featured_media":227648,"comment_status":"closed","ping_status":"closed","sticky":false,"template":"","format":"standard","meta":{"footnotes":""},"categories":[597,456],"tags":[],"class_list":["post-227647","post","type-post","status-publish","format-standard","has-post-thumbnail","","category-cinta-de-noticias","category-arabe-internacional-politica"],"_links":{"self":[{"href":"https:\/\/archive.sana.sy\/es\/index.php?rest_route=\/wp\/v2\/posts\/227647"}],"collection":[{"href":"https:\/\/archive.sana.sy\/es\/index.php?rest_route=\/wp\/v2\/posts"}],"about":[{"href":"https:\/\/archive.sana.sy\/es\/index.php?rest_route=\/wp\/v2\/types\/post"}],"author":[{"embeddable":true,"href":"https:\/\/archive.sana.sy\/es\/index.php?rest_route=\/wp\/v2\/users\/30"}],"replies":[{"embeddable":true,"href":"https:\/\/archive.sana.sy\/es\/index.php?rest_route=%2Fwp%2Fv2%2Fcomments&post=227647"}],"version-history":[{"count":0,"href":"https:\/\/archive.sana.sy\/es\/index.php?rest_route=\/wp\/v2\/posts\/227647\/revisions"}],"wp:featuredmedia":[{"embeddable":true,"href":"https:\/\/archive.sana.sy\/es\/index.php?rest_route=\/wp\/v2\/media\/227648"}],"wp:attachment":[{"href":"https:\/\/archive.sana.sy\/es\/index.php?rest_route=%2Fwp%2Fv2%2Fmedia&parent=227647"}],"wp:term":[{"taxonomy":"category","embeddable":true,"href":"https:\/\/archive.sana.sy\/es\/index.php?rest_route=%2Fwp%2Fv2%2Fcategories&post=227647"},{"taxonomy":"post_tag","embeddable":true,"href":"https:\/\/archive.sana.sy\/es\/index.php?rest_route=%2Fwp%2Fv2%2Ftags&post=227647"}],"curies":[{"name":"wp","href":"https:\/\/api.w.org\/{rel}","templated":true}]}}