{"id":227653,"date":"2022-04-07T16:11:57","date_gmt":"2022-04-07T13:11:57","guid":{"rendered":"http:\/\/107.6.182.27\/es\/?p=227653"},"modified":"2022-04-07T16:11:57","modified_gmt":"2022-04-07T13:11:57","slug":"la-oms-dona-10-ambulancias-para-siria","status":"publish","type":"post","link":"https:\/\/archive.sana.sy\/es\/?p=227653","title":{"rendered":"La OMS dona 10 ambulancias para Siria"},"content":{"rendered":"<p style=\"text-align: justify;\"><strong>Damasco, 07 abr (SANA) <\/strong>La Media Luna Roja \u00c1rabe Siria (MLRAS) recibi\u00f3 hoy 10 ambulancias de la Organizaci\u00f3n Mundial de la Salud (OMS) para apoyar sus esfuerzos y fortalecer sus servicios humanitarios y m\u00e9dicos.<\/p>\n<p style=\"text-align: justify;\">En un comunicado, la organizaci\u00f3n se\u00f1al\u00f3 que los autom\u00f3viles se proporcionaron en el D\u00eda Mundial de la Salud y responde a los esfuerzos conjuntos entre las dos organizaciones para apoyar los servicios de emergencia y el plan de respuesta humanitaria de emergencia en Siria.<\/p>\n<p style=\"text-align: justify;\">El presidente de la MLRAS, Khaled Hobubati, asisti\u00f3 al acto de entrega de las ambulancias con la representante de la OMS en Siria, Akjamal Magtimova.<\/p>\n<p style=\"text-align: justify;\">En mayo pasado, la OMS proporcion\u00f3 al Ministerio de Salud de Siria 40 ambulancias para apoyar el sistema de ambulancias, que perdi\u00f3 gran parte de su flota como resultado de ataques terroristas.<\/p>\n<p style=\"text-align: justify;\"><em><strong>ah\/fm<\/strong><\/em><\/p>\n","protected":false},"excerpt":{"rendered":"<p>Damasco, 07 abr (SANA) La Media Luna Roja \u00c1rabe Siria (MLRAS) recibi\u00f3 hoy 10 ambulancias de la Organizaci\u00f3n Mundial de la Salud (OMS) para apoyar sus esfuerzos y fortalecer sus servicios humanitarios y m\u00e9dicos. En un comunicado, la organizaci\u00f3n se\u00f1al\u00f3 que los autom\u00f3viles se proporcionaron en el D\u00eda Mundial de la Salud y responde a &hellip;<\/p>\n","protected":false},"author":30,"featured_media":227654,"comment_status":"closed","ping_status":"closed","sticky":false,"template":"","format":"standard","meta":{"footnotes":""},"categories":[597,467,7541],"tags":[],"class_list":["post-227653","post","type-post","status-publish","format-standard","has-post-thumbnail","","category-cinta-de-noticias","category-siria-y-el-mundo","category-ultimas-noticias"],"_links":{"self":[{"href":"https:\/\/archive.sana.sy\/es\/index.php?rest_route=\/wp\/v2\/posts\/227653"}],"collection":[{"href":"https:\/\/archive.sana.sy\/es\/index.php?rest_route=\/wp\/v2\/posts"}],"about":[{"href":"https:\/\/archive.sana.sy\/es\/index.php?rest_route=\/wp\/v2\/types\/post"}],"author":[{"embeddable":true,"href":"https:\/\/archive.sana.sy\/es\/index.php?rest_route=\/wp\/v2\/users\/30"}],"replies":[{"embeddable":true,"href":"https:\/\/archive.sana.sy\/es\/index.php?rest_route=%2Fwp%2Fv2%2Fcomments&post=227653"}],"version-history":[{"count":0,"href":"https:\/\/archive.sana.sy\/es\/index.php?rest_route=\/wp\/v2\/posts\/227653\/revisions"}],"wp:featuredmedia":[{"embeddable":true,"href":"https:\/\/archive.sana.sy\/es\/index.php?rest_route=\/wp\/v2\/media\/227654"}],"wp:attachment":[{"href":"https:\/\/archive.sana.sy\/es\/index.php?rest_route=%2Fwp%2Fv2%2Fmedia&parent=227653"}],"wp:term":[{"taxonomy":"category","embeddable":true,"href":"https:\/\/archive.sana.sy\/es\/index.php?rest_route=%2Fwp%2Fv2%2Fcategories&post=227653"},{"taxonomy":"post_tag","embeddable":true,"href":"https:\/\/archive.sana.sy\/es\/index.php?rest_route=%2Fwp%2Fv2%2Ftags&post=227653"}],"curies":[{"name":"wp","href":"https:\/\/api.w.org\/{rel}","templated":true}]}}